{"id":91277,"date":"2025-08-21T05:58:59","date_gmt":"2025-08-21T11:58:59","guid":{"rendered":"https:\/\/elinformante.mx\/?p=91277"},"modified":"2025-08-21T05:59:04","modified_gmt":"2025-08-21T11:59:04","slug":"el-medio-ambiente-es-prioridad-en-edomex-delfina-gomez","status":"publish","type":"post","link":"https:\/\/elinformante.mx\/?p=91277","title":{"rendered":"\u201cEl medio ambiente es prioridad en Edom\u00e9x\u201d: Delfina G\u00f3mez"},"content":{"rendered":"\n<figure class=\"wp-block-pullquote\"><blockquote><p>-Se entregaron 18 distinciones en 16 categor\u00edas a personas, ni\u00f1as y ni\u00f1os que protegen bosques, restauran ecosistemas y cuidan a los seres sintientes.<\/p><\/blockquote><\/figure>\n\n\n\n<p class=\"has-drop-cap\">La Gobernadora Delfina G\u00f3mez \u00c1lvarez encabez\u00f3 la primera Entrega de Reconocimientos a Defensoras y Defensores Ambientales del Estado de M\u00e9xico, iniciativa que reconoce el compromiso de ciudadanas y ciudadanos que, con esfuerzo y amor por la naturaleza, protegen los bosques, restauran ecosistemas y defienden a la flora, la fauna y a los seres sintientes.<br><\/p>\n\n\n\n<p>\u201cHoy los visibilizamos y decimos: aqu\u00ed hay ni\u00f1as, ni\u00f1os y personas que lo hacen sin pedir nada a cambio, entregando tiempo, recursos y sacrificios por algo tan importante como el respeto a nuestro medio ambiente\u201d, expres\u00f3 la Gobernadora.<br><\/p>\n\n\n\n<p>La Mandataria record\u00f3 que desde el inicio de su gesti\u00f3n se han dado pasos firmes en la defensa de la naturaleza, entre ellos elevar a rango constitucional los derechos de la biodiversidad, impulsar el plan de reforestaci\u00f3n m\u00e1s ambicioso en la historia de la entidad, aplicar el Dec\u00e1logo de Acciones para la Atenci\u00f3n del Maltrato Animal y reducir la incidencia de incendios forestales gracias a la coordinaci\u00f3n de los tres \u00f3rdenes de gobierno y la participaci\u00f3n ciudadana.<br><\/p>\n\n\n\n<p>En esta primera edici\u00f3n se recibieron 189 postulaciones, de las cuales se entregaron 18 reconocimientos en 16 categor\u00edas. Entre ellos destac\u00f3 el de Ni\u00f1a y Ni\u00f1o Defensor Ambiental, otorgado a Emily Gisselle Quintero S\u00e1nchez y \u00c1ngel Eduardo Vald\u00e9s Rangel, s\u00edmbolos de la esperanza de las nuevas generaciones en la lucha contra el cambio clim\u00e1tico.<br><\/p>\n\n\n\n<p>La Gobernadora subray\u00f3 tambi\u00e9n el compromiso de Alhely Rubio Arronis, Secretaria del Medio Ambiente y Desarrollo Sostenible, as\u00ed como la colaboraci\u00f3n de legisladores, presidentes municipales, acad\u00e9micos, comunidades originarias y sociedad civil organizada, quienes han sido clave para consolidar una pol\u00edtica ambiental de largo alcance.<br><\/p>\n\n\n\n<p>En la ceremonia estuvieron presentes Horacio Duarte Olivares, Secretario General de Gobierno; Alhely Rubio Arronis, Secretaria del Medio Ambiente y Desarrollo Sostenible; Carlos Alberto L\u00f3pez Imm, Presidente de la Comisi\u00f3n de Protecci\u00f3n Ambiental y Cambio Clim\u00e1tico de la LXII Legislatura; Alma Diana Tapia Maya, Directora General de la Comisi\u00f3n Estatal de Parques Naturales y de la Fauna; Emmanuel Ruiz Albarr\u00e1n, Procurador de Protecci\u00f3n al Ambiente del Estado de M\u00e9xico, y Elvia Alva Rojas, Coordinadora General de Preservaci\u00f3n Ecol\u00f3gica.<\/p>\n","protected":false},"excerpt":{"rendered":"<p>-Se entregaron 18 distinciones en 16 categor\u00edas a personas, ni\u00f1as y ni\u00f1os que protegen bosques, restauran ecosistemas y cuidan a los seres sintientes. La Gobernadora Delfina G\u00f3mez \u00c1lvarez encabez\u00f3 la primera Entrega de Reconocimientos a Defensoras y Defensores Ambientales del Estado de M\u00e9xico, iniciativa que reconoce el compromiso de ciudadanas y ciudadanos que, con esfuerzo [&hellip;]<\/p>\n","protected":false},"author":1,"featured_media":91278,"comment_status":"closed","ping_status":"closed","sticky":false,"template":"","format":"standard","meta":{"footnotes":""},"categories":[30,36,31],"tags":[],"class_list":["post-91277","post","type-post","status-publish","format-standard","has-post-thumbnail","hentry","category-destacado","category-edomex","category-portada"],"_links":{"self":[{"href":"https:\/\/elinformante.mx\/index.php?rest_route=\/wp\/v2\/posts\/91277","targetHints":{"allow":["GET"]}}],"collection":[{"href":"https:\/\/elinformante.mx\/index.php?rest_route=\/wp\/v2\/posts"}],"about":[{"href":"https:\/\/elinformante.mx\/index.php?rest_route=\/wp\/v2\/types\/post"}],"author":[{"embeddable":true,"href":"https:\/\/elinformante.mx\/index.php?rest_route=\/wp\/v2\/users\/1"}],"replies":[{"embeddable":true,"href":"https:\/\/elinformante.mx\/index.php?rest_route=%2Fwp%2Fv2%2Fcomments&post=91277"}],"version-history":[{"count":0,"href":"https:\/\/elinformante.mx\/index.php?rest_route=\/wp\/v2\/posts\/91277\/revisions"}],"wp:featuredmedia":[{"embeddable":true,"href":"https:\/\/elinformante.mx\/index.php?rest_route=\/wp\/v2\/media\/91278"}],"wp:attachment":[{"href":"https:\/\/elinformante.mx\/index.php?rest_route=%2Fwp%2Fv2%2Fmedia&parent=91277"}],"wp:term":[{"taxonomy":"category","embeddable":true,"href":"https:\/\/elinformante.mx\/index.php?rest_route=%2Fwp%2Fv2%2Fcategories&post=91277"},{"taxonomy":"post_tag","embeddable":true,"href":"https:\/\/elinformante.mx\/index.php?rest_route=%2Fwp%2Fv2%2Ftags&post=91277"}],"curies":[{"name":"wp","href":"https:\/\/api.w.org\/{rel}","templated":true}]}}