{"id":91288,"date":"2025-08-21T06:13:29","date_gmt":"2025-08-21T12:13:29","guid":{"rendered":"https:\/\/elinformante.mx\/?p=91288"},"modified":"2025-08-21T06:13:36","modified_gmt":"2025-08-21T12:13:36","slug":"invitan-a-jornada-de-esterilizacion-en-el-area-natural-protegida-parque-ecologico-en-tlalpan","status":"publish","type":"post","link":"https:\/\/elinformante.mx\/?p=91288","title":{"rendered":"Invitan a Jornada de Esterilizaci\u00f3n en el \u00c1rea Natural Protegida Parque Ecol\u00f3gico en Tlalpan"},"content":{"rendered":"\n<figure class=\"wp-block-pullquote\"><blockquote><p>-La jornada tiene como objetivo promover el cuidado de los animales de compa\u00f1\u00eda y disminuir la poblaci\u00f3n de perros y gatos en abandono en la zona que ponen en riesgo la fauna local<\/p><\/blockquote><\/figure>\n\n\n\n<p class=\"has-drop-cap\">La Secretar\u00eda del Medio Ambiente (SEDEMA), en coordinaci\u00f3n con la alcald\u00eda Tlalpan, convoca a tutores y tutoras responsables de animales de compa\u00f1\u00eda a la jornada de esterilizaci\u00f3n que se llevar\u00e1 a cabo en el Juego de la Pelota Mixteca, sede del \u00c1rea Natural Protegida (ANP) Parque Ecol\u00f3gico (PEX) de la Ciudad de M\u00e9xico, el jueves 28 de agosto.<br><\/p>\n\n\n\n<p>El d\u00eda de la esterilizaci\u00f3n deber\u00e1n acudir a las 9:00 horas con su animal de compa\u00f1\u00eda, ya que el cupo est\u00e1 limitado, o bien pueden hacer su registro por correo (pecdmx.anp.sma@gmail.com) con el asunto, \u201cEsterilizaci\u00f3n\u201d, enviando su nombre completo, colonia de procedencia y un n\u00famero de contacto. El animal de compa\u00f1\u00eda debe presentarse en ayuno de ocho horas y cuatro horas sin beber l\u00edquidos, as\u00ed como traer una cobija, una pechera o correa.<br><\/p>\n\n\n\n<p>Esta campa\u00f1a tiene como objetivo promover el cuidado de los animales de compa\u00f1\u00eda, as\u00ed como disminuir la poblaci\u00f3n de perros y gatos en situaci\u00f3n de abandono en la zona, que contribuye al desplazamiento de especies nativas y end\u00e9micas en el \u00c1rea Natural Protegida, ya que pueden competir con la fauna local por alimento y refugio o incluso la pueden depredar. Por lo que, el \u00faltimo jueves de cada mes se estar\u00e1n visitando colonias aleda\u00f1as como Actopa, Tlalmille, Primavera, Verano, Paraje 38 entre otras, se invita a la comunidad a que est\u00e9 atenta a las pr\u00f3ximas jornadas.<br><\/p>\n\n\n\n<p>El Parque Ecol\u00f3gico de la Ciudad de M\u00e9xico es una de las \u00c1reas Naturales Protegidas de la Ciudad de M\u00e9xico que conserva relictos de bosque de encino y matorral xer\u00f3filo, que son refugio de fauna silvestre como la cascabel de cola negra, que se encuentra bajo la categor\u00eda de protecci\u00f3n especial, el camale\u00f3n de monta\u00f1a y la cascabel pigmea mexicana, con categor\u00eda de amenazada seg\u00fan la NOM 059. Adem\u00e1s, el parque cuenta con recorridos guiados en fines de semana con el fin de poder conocer su riqueza biocultural.<\/p>\n","protected":false},"excerpt":{"rendered":"<p>-La jornada tiene como objetivo promover el cuidado de los animales de compa\u00f1\u00eda y disminuir la poblaci\u00f3n de perros y gatos en abandono en la zona que ponen en riesgo la fauna local La Secretar\u00eda del Medio Ambiente (SEDEMA), en coordinaci\u00f3n con la alcald\u00eda Tlalpan, convoca a tutores y tutoras responsables de animales de compa\u00f1\u00eda [&hellip;]<\/p>\n","protected":false},"author":1,"featured_media":91289,"comment_status":"closed","ping_status":"closed","sticky":false,"template":"","format":"standard","meta":{"footnotes":""},"categories":[35],"tags":[],"class_list":["post-91288","post","type-post","status-publish","format-standard","has-post-thumbnail","hentry","category-cdmx"],"_links":{"self":[{"href":"https:\/\/elinformante.mx\/index.php?rest_route=\/wp\/v2\/posts\/91288","targetHints":{"allow":["GET"]}}],"collection":[{"href":"https:\/\/elinformante.mx\/index.php?rest_route=\/wp\/v2\/posts"}],"about":[{"href":"https:\/\/elinformante.mx\/index.php?rest_route=\/wp\/v2\/types\/post"}],"author":[{"embeddable":true,"href":"https:\/\/elinformante.mx\/index.php?rest_route=\/wp\/v2\/users\/1"}],"replies":[{"embeddable":true,"href":"https:\/\/elinformante.mx\/index.php?rest_route=%2Fwp%2Fv2%2Fcomments&post=91288"}],"version-history":[{"count":0,"href":"https:\/\/elinformante.mx\/index.php?rest_route=\/wp\/v2\/posts\/91288\/revisions"}],"wp:featuredmedia":[{"embeddable":true,"href":"https:\/\/elinformante.mx\/index.php?rest_route=\/wp\/v2\/media\/91289"}],"wp:attachment":[{"href":"https:\/\/elinformante.mx\/index.php?rest_route=%2Fwp%2Fv2%2Fmedia&parent=91288"}],"wp:term":[{"taxonomy":"category","embeddable":true,"href":"https:\/\/elinformante.mx\/index.php?rest_route=%2Fwp%2Fv2%2Fcategories&post=91288"},{"taxonomy":"post_tag","embeddable":true,"href":"https:\/\/elinformante.mx\/index.php?rest_route=%2Fwp%2Fv2%2Ftags&post=91288"}],"curies":[{"name":"wp","href":"https:\/\/api.w.org\/{rel}","templated":true}]}}