{"id":91291,"date":"2025-08-21T06:15:03","date_gmt":"2025-08-21T12:15:03","guid":{"rendered":"https:\/\/elinformante.mx\/?p=91291"},"modified":"2025-08-21T06:15:10","modified_gmt":"2025-08-21T12:15:10","slug":"se-unen-alcaldia-cuauhtemoc-y-unam-en-jornada-de-bienestar-animal-en-el-parque-el-pipila","status":"publish","type":"post","link":"https:\/\/elinformante.mx\/?p=91291","title":{"rendered":"Se unen alcald\u00eda Cuauht\u00e9moc y UNAM en jornada de bienestar animal en el parque El P\u00edpila"},"content":{"rendered":"\n<figure class=\"wp-block-pullquote\"><blockquote><p>-Con especialistas de la Facultad de Medicina Veterinaria y Zootecnia de la UNAM, se brindaron servicios gratuitos y orientaci\u00f3n en materia de salud animal.<\/p><\/blockquote><\/figure>\n\n\n\n<p class=\"has-drop-cap\">La administraci\u00f3n que encabeza Alessandra Rojo de la Vega en la Alcald\u00eda Cuauht\u00e9moc llev\u00f3 a cabo una jornada gratuita de bienestar animal en el Parque \u201cEl P\u00edpila\u201d, ubicado en la colonia Vista Alegre, en la que se ofrecieron servicios gratuitos y orientaci\u00f3n en materia de salud animal.<br><\/p>\n\n\n\n<p>En coordinaci\u00f3n con la Facultad de Medicina Veterinaria y Zootecnia de la Universidad Nacional Aut\u00f3noma de M\u00e9xico (UNAM), personal de la Direcci\u00f3n General de Servicios Urbanos de Cuauht\u00e9moc atendi\u00f3 a vecinas y vecinos, quienes acudieron con sus animales de compa\u00f1\u00eda para recibir servicios de vacunaci\u00f3n, desparasitaci\u00f3n, orientaci\u00f3n nutricional y asesor\u00eda en problemas de comportamiento.<br><\/p>\n\n\n\n<p>Adem\u00e1s, especialistas ofrecieron charlas con informaci\u00f3n pr\u00e1ctica para el cuidado responsable de perros y gatos.<br><\/p>\n\n\n\n<figure class=\"wp-block-image size-large\"><img fetchpriority=\"high\" decoding=\"async\" width=\"1024\" height=\"506\" src=\"https:\/\/elinformante.mx\/wp-content\/uploads\/2025\/08\/6se-unen-1024x506.jpeg\" alt=\"\" class=\"wp-image-91293\" srcset=\"https:\/\/elinformante.mx\/wp-content\/uploads\/2025\/08\/6se-unen-1024x506.jpeg 1024w, https:\/\/elinformante.mx\/wp-content\/uploads\/2025\/08\/6se-unen-300x148.jpeg 300w, https:\/\/elinformante.mx\/wp-content\/uploads\/2025\/08\/6se-unen-768x379.jpeg 768w, https:\/\/elinformante.mx\/wp-content\/uploads\/2025\/08\/6se-unen.jpeg 1140w\" sizes=\"(max-width: 1024px) 100vw, 1024px\" \/><\/figure>\n\n\n\n<p>Como parte de estas pl\u00e1ticas, el especialista Carlos Guti\u00e9rrez Olvera explic\u00f3 la diferencia en la alimentaci\u00f3n entre ambas especies, destacando la importancia de ofrecer dietas adecuadas a sus necesidades. Por su parte, V\u00edctor Hugo del R\u00edo Araiza habl\u00f3 sobre la desparasitaci\u00f3n, se\u00f1alando c\u00f3mo este h\u00e1bito protege tanto la salud de los animales como la de sus due\u00f1os.<br><\/p>\n\n\n\n<p>Asimismo, Emiliano Arias Vega abord\u00f3 la relevancia de usar correa en espacios p\u00fablicos para garantizar seguridad y convivencia, mientras que la Dra. Miroslava Menchaca Rosales comparti\u00f3 recomendaciones sobre los cuidados b\u00e1sicos que requieren los animales de compa\u00f1\u00eda para mantenerse sanos.<br><\/p>\n\n\n\n<p>Con estas acciones, la Alcald\u00eda Cuauht\u00e9moc refuerza su compromiso con el bienestar integral de los seres sintientes, al promover una cultura de respeto y cuidado hacia los animales de compa\u00f1\u00eda.<\/p>\n","protected":false},"excerpt":{"rendered":"<p>-Con especialistas de la Facultad de Medicina Veterinaria y Zootecnia de la UNAM, se brindaron servicios gratuitos y orientaci\u00f3n en materia de salud animal. La administraci\u00f3n que encabeza Alessandra Rojo de la Vega en la Alcald\u00eda Cuauht\u00e9moc llev\u00f3 a cabo una jornada gratuita de bienestar animal en el Parque \u201cEl P\u00edpila\u201d, ubicado en la colonia [&hellip;]<\/p>\n","protected":false},"author":1,"featured_media":91292,"comment_status":"closed","ping_status":"closed","sticky":false,"template":"","format":"standard","meta":{"footnotes":""},"categories":[35,30],"tags":[],"class_list":["post-91291","post","type-post","status-publish","format-standard","has-post-thumbnail","hentry","category-cdmx","category-destacado"],"_links":{"self":[{"href":"https:\/\/elinformante.mx\/index.php?rest_route=\/wp\/v2\/posts\/91291","targetHints":{"allow":["GET"]}}],"collection":[{"href":"https:\/\/elinformante.mx\/index.php?rest_route=\/wp\/v2\/posts"}],"about":[{"href":"https:\/\/elinformante.mx\/index.php?rest_route=\/wp\/v2\/types\/post"}],"author":[{"embeddable":true,"href":"https:\/\/elinformante.mx\/index.php?rest_route=\/wp\/v2\/users\/1"}],"replies":[{"embeddable":true,"href":"https:\/\/elinformante.mx\/index.php?rest_route=%2Fwp%2Fv2%2Fcomments&post=91291"}],"version-history":[{"count":0,"href":"https:\/\/elinformante.mx\/index.php?rest_route=\/wp\/v2\/posts\/91291\/revisions"}],"wp:featuredmedia":[{"embeddable":true,"href":"https:\/\/elinformante.mx\/index.php?rest_route=\/wp\/v2\/media\/91292"}],"wp:attachment":[{"href":"https:\/\/elinformante.mx\/index.php?rest_route=%2Fwp%2Fv2%2Fmedia&parent=91291"}],"wp:term":[{"taxonomy":"category","embeddable":true,"href":"https:\/\/elinformante.mx\/index.php?rest_route=%2Fwp%2Fv2%2Fcategories&post=91291"},{"taxonomy":"post_tag","embeddable":true,"href":"https:\/\/elinformante.mx\/index.php?rest_route=%2Fwp%2Fv2%2Ftags&post=91291"}],"curies":[{"name":"wp","href":"https:\/\/api.w.org\/{rel}","templated":true}]}}