{"id":91295,"date":"2025-08-21T06:18:30","date_gmt":"2025-08-21T12:18:30","guid":{"rendered":"https:\/\/elinformante.mx\/?p=91295"},"modified":"2025-08-21T06:18:34","modified_gmt":"2025-08-21T12:18:34","slug":"ciudadania-invitada-a-participar-en-noche-de-murcielagos-en-acuexcomatl","status":"publish","type":"post","link":"https:\/\/elinformante.mx\/?p=91295","title":{"rendered":"Ciudadan\u00eda invitada a participar en \u201cNoche de Murci\u00e9lagos\u201d en Acuexc\u00f3matl"},"content":{"rendered":"\n<figure class=\"wp-block-pullquote\"><blockquote><p>La \u201cNoche de Murci\u00e9lagos\u201d busca concientizar a la sociedad sobre la importancia ecol\u00f3gica de estos mam\u00edferos mediante actividades culturales y educativas.<\/p><\/blockquote><\/figure>\n\n\n\n<p class=\"has-drop-cap\">La Secretar\u00eda del Medio Ambiente (SEDEMA), invita a las y los capitalinos a disfrutar de la \u201cNoche de Murci\u00e9lagos\u201d en el Centro de Cultura Ambiental (CCA) Acuexc\u00f3matl el s\u00e1bado 23 de agosto.<br><\/p>\n\n\n\n<p>La cita para el curso es en A\u00f1o de Ju\u00e1rez 1900, San Luis Tlaxialtemalco, en la alcald\u00eda Xochimilco, el CCA Acuexc\u00f3matl en donde se apreciar\u00e1 un fant\u00e1stico recorrido que permitir\u00e1 que las y los visitantes conocer la importancia ecosist\u00e9mica de los murci\u00e9lagos, unos polinizadores fundamentales.<br><\/p>\n\n\n\n<p>El objetivo tambi\u00e9n es mejorar la relaci\u00f3n entre las y los habitantes de la ciudad y los murci\u00e9lagos; adem\u00e1s de mitigar las adversidades m\u00e1s grandes a las que se enfrentan estos mam\u00edferos para lograr su supervivencia en un ambiente cada vez m\u00e1s urbanizado, como en la Ciudad de M\u00e9xico, en donde se han reportado hasta 23 especies.<br><\/p>\n\n\n\n<p>La cita es a las 18:00 horas y el costo de participaci\u00f3n por persona es de $18. Para asistir, es necesario realizar un registro previo llamando al 55 5843 5204 o entrando al siguiente enlace: https:\/\/docs.google.com\/forms\/d\/e\/1FAIpQLSfRqW0hN5ramq5dr0IgKVFE1i5LmP7Pk7bjl3-VRhhBkbF_rA\/viewform<br><\/p>\n\n\n\n<p>Se sugiere llevar impermeable o chamarra al recorrido, ya que estamos en temporada de lluvias.<br><\/p>\n\n\n\n<p>Con estas acciones, el Gobierno de la Ciudad de M\u00e9xico, encabezado por Clara Brugada Molina, y desde la SEDEMA, bajo la titularidad de Julia \u00c1lvarez Icaza Ram\u00edrez, reafirman su compromiso con la ciudadan\u00eda de garantizar el derecho a un medio ambiente sano y de continuar impulsando la protecci\u00f3n de la biodiversidad capitalina, mediante la difusi\u00f3n y el acceso a la educaci\u00f3n ambiental.<\/p>\n","protected":false},"excerpt":{"rendered":"<p>La \u201cNoche de Murci\u00e9lagos\u201d busca concientizar a la sociedad sobre la importancia ecol\u00f3gica de estos mam\u00edferos mediante actividades culturales y educativas. La Secretar\u00eda del Medio Ambiente (SEDEMA), invita a las y los capitalinos a disfrutar de la \u201cNoche de Murci\u00e9lagos\u201d en el Centro de Cultura Ambiental (CCA) Acuexc\u00f3matl el s\u00e1bado 23 de agosto. La cita [&hellip;]<\/p>\n","protected":false},"author":1,"featured_media":91296,"comment_status":"closed","ping_status":"closed","sticky":false,"template":"","format":"standard","meta":{"footnotes":""},"categories":[35],"tags":[],"class_list":["post-91295","post","type-post","status-publish","format-standard","has-post-thumbnail","hentry","category-cdmx"],"_links":{"self":[{"href":"https:\/\/elinformante.mx\/index.php?rest_route=\/wp\/v2\/posts\/91295","targetHints":{"allow":["GET"]}}],"collection":[{"href":"https:\/\/elinformante.mx\/index.php?rest_route=\/wp\/v2\/posts"}],"about":[{"href":"https:\/\/elinformante.mx\/index.php?rest_route=\/wp\/v2\/types\/post"}],"author":[{"embeddable":true,"href":"https:\/\/elinformante.mx\/index.php?rest_route=\/wp\/v2\/users\/1"}],"replies":[{"embeddable":true,"href":"https:\/\/elinformante.mx\/index.php?rest_route=%2Fwp%2Fv2%2Fcomments&post=91295"}],"version-history":[{"count":0,"href":"https:\/\/elinformante.mx\/index.php?rest_route=\/wp\/v2\/posts\/91295\/revisions"}],"wp:featuredmedia":[{"embeddable":true,"href":"https:\/\/elinformante.mx\/index.php?rest_route=\/wp\/v2\/media\/91296"}],"wp:attachment":[{"href":"https:\/\/elinformante.mx\/index.php?rest_route=%2Fwp%2Fv2%2Fmedia&parent=91295"}],"wp:term":[{"taxonomy":"category","embeddable":true,"href":"https:\/\/elinformante.mx\/index.php?rest_route=%2Fwp%2Fv2%2Fcategories&post=91295"},{"taxonomy":"post_tag","embeddable":true,"href":"https:\/\/elinformante.mx\/index.php?rest_route=%2Fwp%2Fv2%2Ftags&post=91295"}],"curies":[{"name":"wp","href":"https:\/\/api.w.org\/{rel}","templated":true}]}}