{"id":91298,"date":"2025-08-21T06:20:47","date_gmt":"2025-08-21T12:20:47","guid":{"rendered":"https:\/\/elinformante.mx\/?p=91298"},"modified":"2025-08-21T06:20:56","modified_gmt":"2025-08-21T12:20:56","slug":"clara-brugada-anuncio-la-detencion-de-13-personas-relacionadas-con-el-caso-ximena-guzman-y-jose-munoz","status":"publish","type":"post","link":"https:\/\/elinformante.mx\/?p=91298","title":{"rendered":"Clara Brugada anunci\u00f3 la detenci\u00f3n de 13 personas relacionadas con el Caso Ximena Guzm\u00e1n y Jos\u00e9 Mu\u00f1oz"},"content":{"rendered":"\n<figure class=\"wp-block-pullquote\"><blockquote><p>Expres\u00f3 su agradecimiento a la Presidenta de M\u00e9xico, Claudia Sheinbaum Pardo, cuyo respaldo ha sido clave para fortalecer el trabajo conjunto<\/p><\/blockquote><\/figure>\n\n\n\n<p class=\"has-drop-cap\">La Jefa de Gobierno de la Ciudad de M\u00e9xico, Clara Brugada Molina, inform\u00f3 que durante la madrugada de este mi\u00e9rcoles, en un operativo conjunto con el Gobierno de M\u00e9xico, fueron detenidas 13 personas presuntamente vinculadas con el atentado a los funcionarios p\u00fablicos Ximena Guzm\u00e1n Cuevas y Jos\u00e9 Mu\u00f1oz Vega, cometido el pasado 20 de mayo.<br><\/p>\n\n\n\n<p>\u201cEstos resultados representan los primeros avances de una investigaci\u00f3n que sigue en curso\u201d, se\u00f1al\u00f3 Brugada Molina en conferencia de prensa en el Antiguo Palacio del Ayuntamiento.<br><\/p>\n\n\n\n<p>La mandataria capitalina detall\u00f3 que, del total de detenidos, presuntamente tres habr\u00edan participado directamente en el crimen, mientras que el resto estuvo vinculado a la planeaci\u00f3n del mismo.<br><\/p>\n\n\n\n<p>Reiter\u00f3 que su gobierno no descansar\u00e1 hasta lograr el esclarecimiento total de los hechos y garantizar justicia en memoria de Ximena y Jos\u00e9, con pleno respeto a sus familias, amigos y compa\u00f1eros.<br><\/p>\n\n\n\n<figure class=\"wp-block-image size-large\"><img fetchpriority=\"high\" decoding=\"async\" width=\"1024\" height=\"506\" src=\"https:\/\/elinformante.mx\/wp-content\/uploads\/2025\/08\/5clara-2-2-1024x506.jpg\" alt=\"\" class=\"wp-image-91300\" srcset=\"https:\/\/elinformante.mx\/wp-content\/uploads\/2025\/08\/5clara-2-2-1024x506.jpg 1024w, https:\/\/elinformante.mx\/wp-content\/uploads\/2025\/08\/5clara-2-2-300x148.jpg 300w, https:\/\/elinformante.mx\/wp-content\/uploads\/2025\/08\/5clara-2-2-768x379.jpg 768w, https:\/\/elinformante.mx\/wp-content\/uploads\/2025\/08\/5clara-2-2.jpg 1140w\" sizes=\"(max-width: 1024px) 100vw, 1024px\" \/><\/figure>\n\n\n\n<p>El operativo fue posible gracias al trabajo conjunto entre autoridades de la Ciudad de M\u00e9xico y del gobierno federal, entre ellas la Fiscal\u00eda General de Justicia capitalina, la Secretar\u00eda de Seguridad Ciudadana, la Secretar\u00eda de Seguridad y Protecci\u00f3n Ciudadana federal, la Fiscal\u00eda General de la Rep\u00fablica, as\u00ed como la Secretar\u00eda de la Defensa Nacional y la Secretar\u00eda de Marina.<br><\/p>\n\n\n\n<p>Brugada Molina expres\u00f3 un especial agradecimiento a la Presidenta de M\u00e9xico, Claudia Sheinbaum Pardo, cuyo respaldo ha sido clave para fortalecer el trabajo conjunto. Subray\u00f3 que la coordinaci\u00f3n entre los distintos \u00f3rdenes de gobierno permite avanzar con mayor eficacia en la lucha contra la impunidad.<br><\/p>\n\n\n\n<p>Finalmente, anunci\u00f3 que este mismo d\u00eda, a las 17:00 horas, la fiscal General de Justicia de la Ciudad de M\u00e9xico, Bertha Mar\u00eda Alcalde Luj\u00e1n; el secretario de Seguridad y Protecci\u00f3n Ciudadana, Omar Garc\u00eda Harfuch, y el secretario de Seguridad Ciudadana capitalino, Pablo V\u00e1zquez Camacho, ofrecer\u00e1n una conferencia de prensa para dar a conocer m\u00e1s detalles del caso.<br><\/p>\n\n\n\n<p>Brugada Molina estuvo acompa\u00f1ada por Bertha Alcalde Luj\u00e1n y Pablo V\u00e1zquez Camacho, as\u00ed como los secretarios de Gobierno y de Atenci\u00f3n y Participaci\u00f3n Ciudadana, C\u00e9sar Cravioto Romero y Tom\u00e1s Pliego Calvo, respectivamente.<\/p>\n","protected":false},"excerpt":{"rendered":"<p>Expres\u00f3 su agradecimiento a la Presidenta de M\u00e9xico, Claudia Sheinbaum Pardo, cuyo respaldo ha sido clave para fortalecer el trabajo conjunto La Jefa de Gobierno de la Ciudad de M\u00e9xico, Clara Brugada Molina, inform\u00f3 que durante la madrugada de este mi\u00e9rcoles, en un operativo conjunto con el Gobierno de M\u00e9xico, fueron detenidas 13 personas presuntamente [&hellip;]<\/p>\n","protected":false},"author":1,"featured_media":91299,"comment_status":"closed","ping_status":"closed","sticky":false,"template":"","format":"standard","meta":{"footnotes":""},"categories":[35,30],"tags":[],"class_list":["post-91298","post","type-post","status-publish","format-standard","has-post-thumbnail","hentry","category-cdmx","category-destacado"],"_links":{"self":[{"href":"https:\/\/elinformante.mx\/index.php?rest_route=\/wp\/v2\/posts\/91298","targetHints":{"allow":["GET"]}}],"collection":[{"href":"https:\/\/elinformante.mx\/index.php?rest_route=\/wp\/v2\/posts"}],"about":[{"href":"https:\/\/elinformante.mx\/index.php?rest_route=\/wp\/v2\/types\/post"}],"author":[{"embeddable":true,"href":"https:\/\/elinformante.mx\/index.php?rest_route=\/wp\/v2\/users\/1"}],"replies":[{"embeddable":true,"href":"https:\/\/elinformante.mx\/index.php?rest_route=%2Fwp%2Fv2%2Fcomments&post=91298"}],"version-history":[{"count":0,"href":"https:\/\/elinformante.mx\/index.php?rest_route=\/wp\/v2\/posts\/91298\/revisions"}],"wp:featuredmedia":[{"embeddable":true,"href":"https:\/\/elinformante.mx\/index.php?rest_route=\/wp\/v2\/media\/91299"}],"wp:attachment":[{"href":"https:\/\/elinformante.mx\/index.php?rest_route=%2Fwp%2Fv2%2Fmedia&parent=91298"}],"wp:term":[{"taxonomy":"category","embeddable":true,"href":"https:\/\/elinformante.mx\/index.php?rest_route=%2Fwp%2Fv2%2Fcategories&post=91298"},{"taxonomy":"post_tag","embeddable":true,"href":"https:\/\/elinformante.mx\/index.php?rest_route=%2Fwp%2Fv2%2Ftags&post=91298"}],"curies":[{"name":"wp","href":"https:\/\/api.w.org\/{rel}","templated":true}]}}