{"id":91305,"date":"2025-08-21T06:29:32","date_gmt":"2025-08-21T12:29:32","guid":{"rendered":"https:\/\/elinformante.mx\/?p=91305"},"modified":"2025-08-21T06:29:34","modified_gmt":"2025-08-21T12:29:34","slug":"quintana-roo-impulsa-la-economia-azul-para-proteger-y-regenerar-la-biodiversidad-mara-lezama","status":"publish","type":"post","link":"https:\/\/elinformante.mx\/?p=91305","title":{"rendered":"Quintana Roo impulsa la econom\u00eda azul para proteger y regenerar la biodiversidad: Mara Lezama"},"content":{"rendered":"\n<figure class=\"wp-block-pullquote\"><blockquote><p>-Inaugura el Tercer Foro Internacional de Econom\u00eda y Crecimiento Azul, donde exhortan a los participantes a construir acuerdos que generen pol\u00edticas p\u00fablicas m\u00e1s s\u00f3lidas y efectivas.<\/p><\/blockquote><\/figure>\n\n\n\n<p class=\"has-drop-cap\">La gobernadora Mara Lezama Espinosa inaugur\u00f3 el Tercer Foro Internacional de Econom\u00eda y Crecimiento Azul, un espacio en el que se busca preservar los ecosistemas y mejorar la calidad de vidas de las personas, con propuestas o proyectos que den soluciones a las diversas problem\u00e1ticas que se presentan en la actualidad.<br><\/p>\n\n\n\n<p>En la inauguraci\u00f3n, Mara Lezama destac\u00f3 que Quintana Roo es un territorio privilegiado por la naturaleza, con selvas, cenotes, manglares, lagunas y el majestuoso Mar Caribe.<br><\/p>\n\n\n\n<p>\u201cSomos biodiversidad, cultura viva y herencia Maya, pero tambi\u00e9n somos un pueblo que entiende que el desarrollo no puede construirse sin respeto a la naturaleza, ni sin justicia para nuestras comunidades\u201d.<br><\/p>\n\n\n\n<p>Ante especialistas, autoridades, acad\u00e9micos, alumnos y comunidades que participan en este foro, Mara Lezama precis\u00f3 que este gobierno diferente, de la Cuarta Transformaci\u00f3n, trabaja junto con el pueblo en la protecci\u00f3n, regeneraci\u00f3n y aprovechamiento sostenible de los bienes naturales, pasando de un modelo extractivo a uno regenerativo, donde cada actividad productiva devuelve vida y resiliencia a los ecosistemas.<br><\/p>\n\n\n\n<p>La gobernadora de Quintana Roo a\u00f1adi\u00f3 que con el Nuevo Acuerdo por el Bienestar y Desarrollo se impulsa una pesca sustentable y acuicultura responsable; un turismo sustentable que no sea solo sol y playa, sino tambi\u00e9n experiencias aut\u00e9nticas con la naturaleza; innovaci\u00f3n y energ\u00edas limpias; el cuidado de los arrecifes, y el impacto del sargazo.<br><\/p>\n\n\n\n<p>Sobre este \u00faltimo, dio a conocer que se ha reconocido como recurso pesquero y con el respaldo de cient\u00edficas, acad\u00e9micos y empresarios se desarrollan m\u00e1s de 140 productos derivados, lo que no solo diversificar\u00e1 la econom\u00eda local, sino convierte a Quintana Roo en referente mundial de innovaci\u00f3n en el cuidado y conservaci\u00f3n de los litorales.<br><\/p>\n\n\n\n<p>La Gobernadora expres\u00f3 su satisfacci\u00f3n en que los acuerdos de este foro sirvan para construir pol\u00edticas p\u00fablicas m\u00e1s s\u00f3lidas y efectivas, con la oportunidad de ser un referente internacional en econom\u00eda azul, por lo que invit\u00f3 a todas y todos a que estos tres d\u00edas de trabajo se conviertan en compromisos concretos.<br><\/p>\n\n\n\n<p>Por su parte, el titular del IMIPAS, V\u00edctor Manuel Vidal Mart\u00ednez, agradeci\u00f3 a la gobernadora Mara Lezama por involucrar a los j\u00f3venes en estas acciones de conservaci\u00f3n y en la econom\u00eda azul, una estrategia innovadora para aprovechar el potencial de los mares y oc\u00e9anos de manera regulada.<br><\/p>\n\n\n\n<p>A\u00f1adi\u00f3 que con este foro se propone transformar nuestras acciones humanas maximizando los recursos del mar, como la energ\u00eda e\u00f3lica marina. \u201cEl oc\u00e9ano es un patrimonio que debemos cuidar; la econom\u00eda azul nos permite impulsar la econom\u00eda circular\u201d, cit\u00f3.<\/p>\n","protected":false},"excerpt":{"rendered":"<p>-Inaugura el Tercer Foro Internacional de Econom\u00eda y Crecimiento Azul, donde exhortan a los participantes a construir acuerdos que generen pol\u00edticas p\u00fablicas m\u00e1s s\u00f3lidas y efectivas. La gobernadora Mara Lezama Espinosa inaugur\u00f3 el Tercer Foro Internacional de Econom\u00eda y Crecimiento Azul, un espacio en el que se busca preservar los ecosistemas y mejorar la calidad [&hellip;]<\/p>\n","protected":false},"author":1,"featured_media":91306,"comment_status":"closed","ping_status":"closed","sticky":false,"template":"","format":"standard","meta":{"footnotes":""},"categories":[30,34],"tags":[],"class_list":["post-91305","post","type-post","status-publish","format-standard","has-post-thumbnail","hentry","category-destacado","category-nacional"],"_links":{"self":[{"href":"https:\/\/elinformante.mx\/index.php?rest_route=\/wp\/v2\/posts\/91305","targetHints":{"allow":["GET"]}}],"collection":[{"href":"https:\/\/elinformante.mx\/index.php?rest_route=\/wp\/v2\/posts"}],"about":[{"href":"https:\/\/elinformante.mx\/index.php?rest_route=\/wp\/v2\/types\/post"}],"author":[{"embeddable":true,"href":"https:\/\/elinformante.mx\/index.php?rest_route=\/wp\/v2\/users\/1"}],"replies":[{"embeddable":true,"href":"https:\/\/elinformante.mx\/index.php?rest_route=%2Fwp%2Fv2%2Fcomments&post=91305"}],"version-history":[{"count":0,"href":"https:\/\/elinformante.mx\/index.php?rest_route=\/wp\/v2\/posts\/91305\/revisions"}],"wp:featuredmedia":[{"embeddable":true,"href":"https:\/\/elinformante.mx\/index.php?rest_route=\/wp\/v2\/media\/91306"}],"wp:attachment":[{"href":"https:\/\/elinformante.mx\/index.php?rest_route=%2Fwp%2Fv2%2Fmedia&parent=91305"}],"wp:term":[{"taxonomy":"category","embeddable":true,"href":"https:\/\/elinformante.mx\/index.php?rest_route=%2Fwp%2Fv2%2Fcategories&post=91305"},{"taxonomy":"post_tag","embeddable":true,"href":"https:\/\/elinformante.mx\/index.php?rest_route=%2Fwp%2Fv2%2Ftags&post=91305"}],"curies":[{"name":"wp","href":"https:\/\/api.w.org\/{rel}","templated":true}]}}