{"id":91321,"date":"2025-08-21T06:40:08","date_gmt":"2025-08-21T12:40:08","guid":{"rendered":"https:\/\/elinformante.mx\/?p=91321"},"modified":"2025-08-21T06:40:11","modified_gmt":"2025-08-21T12:40:11","slug":"1-de-cada-4-ninas-es-victima-de-violencia-sexual-ong","status":"publish","type":"post","link":"https:\/\/elinformante.mx\/?p=91321","title":{"rendered":"1 DE CADA 4 NI\u00d1AS ES V\u00cdCTIMA DE VIOLENCIA SEXUAL: ONG"},"content":{"rendered":"\n<figure class=\"wp-block-pullquote\"><blockquote><p>Se anunci\u00f3 que se lanzar\u00e1 un cat\u00e1logo gratuito de recursos pedag\u00f3gicos, did\u00e1cticos y de capacitaci\u00f3n dirigido a directivos, docentes, familias y cuidadores.<\/p><\/blockquote><\/figure>\n\n\n\n<p class=\"has-drop-cap\">De manera alarmante la cifras recabadas han revelado que en M\u00e9xico una de cada cuatro ni\u00f1as y uno de cada seis ni\u00f1os ha sido v\u00edctima de violencia sexual, en el 85% de los casos el agresor es alguien cercano a la v\u00edctima, esto de acuerdo a Organizaciones de la Sociedad Civil.<br><\/p>\n\n\n\n<p>Las diversas ONG anunciaron el lanzamiento de un cat\u00e1logo gratuito de recursos pedag\u00f3gicos, did\u00e1cticos y de capacitaci\u00f3n dirigido a directivos, docentes, familias y cuidadores, con el objetivo de reforzar la jornada de concientizaci\u00f3n sobre la gravedad del abuso sexual y el maltrato infantil, programada por la Secretar\u00eda de Educaci\u00f3n P\u00fablica (SEP) para el pr\u00f3ximo 8 de septiembre en escuelas de todo el pa\u00eds.<br><\/p>\n\n\n\n<figure class=\"wp-block-image size-large\"><img fetchpriority=\"high\" decoding=\"async\" width=\"1024\" height=\"506\" src=\"https:\/\/elinformante.mx\/wp-content\/uploads\/2025\/08\/9ninas-3-1024x506.jpg\" alt=\"\" class=\"wp-image-91323\" srcset=\"https:\/\/elinformante.mx\/wp-content\/uploads\/2025\/08\/9ninas-3-1024x506.jpg 1024w, https:\/\/elinformante.mx\/wp-content\/uploads\/2025\/08\/9ninas-3-300x148.jpg 300w, https:\/\/elinformante.mx\/wp-content\/uploads\/2025\/08\/9ninas-3-768x379.jpg 768w, https:\/\/elinformante.mx\/wp-content\/uploads\/2025\/08\/9ninas-3.jpg 1140w\" sizes=\"(max-width: 1024px) 100vw, 1024px\" \/><\/figure>\n\n\n\n<p>Entre los datos que dieron a conocer las ONG se encuentran que cada d\u00eda se abren 98 carpetas de investigaci\u00f3n por violencia sexual contra ni\u00f1as, ni\u00f1os y adolescentes.<br><\/p>\n\n\n\n<p>Adem\u00e1s informaron que entre 2019 y 2023, al menos 9,822 menores requirieron atenci\u00f3n m\u00e9dica por violencia sexual; lo que traduce 27 agresiones por d\u00eda en promedio.<br><\/p>\n\n\n\n<figure class=\"wp-block-image size-large\"><img decoding=\"async\" width=\"1024\" height=\"506\" src=\"https:\/\/elinformante.mx\/wp-content\/uploads\/2025\/08\/9ninas-2-1024x506.jpg\" alt=\"\" class=\"wp-image-91324\" srcset=\"https:\/\/elinformante.mx\/wp-content\/uploads\/2025\/08\/9ninas-2-1024x506.jpg 1024w, https:\/\/elinformante.mx\/wp-content\/uploads\/2025\/08\/9ninas-2-300x148.jpg 300w, https:\/\/elinformante.mx\/wp-content\/uploads\/2025\/08\/9ninas-2-768x379.jpg 768w, https:\/\/elinformante.mx\/wp-content\/uploads\/2025\/08\/9ninas-2.jpg 1140w\" sizes=\"(max-width: 1024px) 100vw, 1024px\" \/><\/figure>\n\n\n\n<p>La Oficina de Defensor\u00eda de los Derechos de la Infancia (ODI) ha documentado casos de agresiones sexuales graves en preescolares p\u00fablicos y privados: hasta junio de 2024 se hab\u00edan registrado 27 casos en 12 estados; de 2012 a 2023 se contabilizaron 3,534 casos de violencia sexual cometida por personal escolar, es decir, un caso diario en las aulas mexicanas.<br><\/p>\n\n\n\n<p>Valeria Gonz\u00e1lez, especialista de la red Alumbra apunt\u00f3 que se habla de ni\u00f1as y ni\u00f1os muy peque\u00f1os, muchos de ellos entre 5 y 9 a\u00f1os, que no tienen herramientas para identificar lo que les ocurre. Subray\u00f3 adem\u00e1s que 7 de cada 10 agresores son familiares, lo que dificulta a\u00fan m\u00e1s la denuncia y la detecci\u00f3n.<br><\/p>\n\n\n\n<figure class=\"wp-block-image size-large\"><img decoding=\"async\" width=\"1024\" height=\"506\" src=\"https:\/\/elinformante.mx\/wp-content\/uploads\/2025\/08\/9ninas-4-1024x506.jpg\" alt=\"\" class=\"wp-image-91325\" srcset=\"https:\/\/elinformante.mx\/wp-content\/uploads\/2025\/08\/9ninas-4-1024x506.jpg 1024w, https:\/\/elinformante.mx\/wp-content\/uploads\/2025\/08\/9ninas-4-300x148.jpg 300w, https:\/\/elinformante.mx\/wp-content\/uploads\/2025\/08\/9ninas-4-768x379.jpg 768w, https:\/\/elinformante.mx\/wp-content\/uploads\/2025\/08\/9ninas-4.jpg 1140w\" sizes=\"(max-width: 1024px) 100vw, 1024px\" \/><\/figure>\n\n\n\n<p>Gonz\u00e1lez resalt\u00f3 la importancia del sector educativo como espacio de detecci\u00f3n temprana, pero tambi\u00e9n la necesidad de fortalecer las Procuradur\u00edas de Protecci\u00f3n de Ni\u00f1as, Ni\u00f1os y Adolescentes, creadas para acompa\u00f1ar a v\u00edctimas en procesos de denuncia y restituci\u00f3n de derechos.<br><\/p>\n\n\n\n<p>\u201cMuchas veces el personal educativo desconoce c\u00f3mo actuar; no les corresponde investigar, pero s\u00ed activar protocolos y dar aviso inmediato a las autoridades competentes\u201d, explic\u00f3.<br><\/p>\n\n\n\n<figure class=\"wp-block-image size-large\"><img loading=\"lazy\" decoding=\"async\" width=\"1024\" height=\"506\" src=\"https:\/\/elinformante.mx\/wp-content\/uploads\/2025\/08\/9ninas-1024x506.jpg\" alt=\"\" class=\"wp-image-91326\" srcset=\"https:\/\/elinformante.mx\/wp-content\/uploads\/2025\/08\/9ninas-1024x506.jpg 1024w, https:\/\/elinformante.mx\/wp-content\/uploads\/2025\/08\/9ninas-300x148.jpg 300w, https:\/\/elinformante.mx\/wp-content\/uploads\/2025\/08\/9ninas-768x379.jpg 768w, https:\/\/elinformante.mx\/wp-content\/uploads\/2025\/08\/9ninas.jpg 1140w\" sizes=\"(max-width: 1024px) 100vw, 1024px\" \/><\/figure>\n\n\n\n<p>Organizaciones como Alumbra, Fundaci\u00f3n Freedom, Guardianes, ODI, Te Protejo M\u00e9xico y Uni\u00f3n Mujer, entre otras, elaboraron un cat\u00e1logo gratuito que busca dotar a las comunidades educativas de herramientas pr\u00e1cticas y efectivas.<br><\/p>\n\n\n\n<p>El material incluye: Programa Lobo, para educaci\u00f3n sexual integral y resoluci\u00f3n pac\u00edfica de conflictos; manual de prevenci\u00f3n de abuso sexual infantil; manual de civismo y cultura digital; herramientas l\u00fadicas para docentes, familias y estudiantes, Programa Esc\u00e1ner, especializado en educaci\u00f3n sexual, comunicaci\u00f3n asertiva y escucha activa para padres y cuidadores, y gu\u00edas para el manejo seguro de redes sociales; el cual est\u00e1 disponible de forma gratuita en l\u00ednea.<\/p>\n","protected":false},"excerpt":{"rendered":"<p>Se anunci\u00f3 que se lanzar\u00e1 un cat\u00e1logo gratuito de recursos pedag\u00f3gicos, did\u00e1cticos y de capacitaci\u00f3n dirigido a directivos, docentes, familias y cuidadores. De manera alarmante la cifras recabadas han revelado que en M\u00e9xico una de cada cuatro ni\u00f1as y uno de cada seis ni\u00f1os ha sido v\u00edctima de violencia sexual, en el 85% de los [&hellip;]<\/p>\n","protected":false},"author":1,"featured_media":91322,"comment_status":"closed","ping_status":"closed","sticky":false,"template":"","format":"standard","meta":{"footnotes":""},"categories":[30,34,31],"tags":[47],"class_list":["post-91321","post","type-post","status-publish","format-standard","has-post-thumbnail","hentry","category-destacado","category-nacional","category-portada","tag-portadanacional"],"_links":{"self":[{"href":"https:\/\/elinformante.mx\/index.php?rest_route=\/wp\/v2\/posts\/91321","targetHints":{"allow":["GET"]}}],"collection":[{"href":"https:\/\/elinformante.mx\/index.php?rest_route=\/wp\/v2\/posts"}],"about":[{"href":"https:\/\/elinformante.mx\/index.php?rest_route=\/wp\/v2\/types\/post"}],"author":[{"embeddable":true,"href":"https:\/\/elinformante.mx\/index.php?rest_route=\/wp\/v2\/users\/1"}],"replies":[{"embeddable":true,"href":"https:\/\/elinformante.mx\/index.php?rest_route=%2Fwp%2Fv2%2Fcomments&post=91321"}],"version-history":[{"count":0,"href":"https:\/\/elinformante.mx\/index.php?rest_route=\/wp\/v2\/posts\/91321\/revisions"}],"wp:featuredmedia":[{"embeddable":true,"href":"https:\/\/elinformante.mx\/index.php?rest_route=\/wp\/v2\/media\/91322"}],"wp:attachment":[{"href":"https:\/\/elinformante.mx\/index.php?rest_route=%2Fwp%2Fv2%2Fmedia&parent=91321"}],"wp:term":[{"taxonomy":"category","embeddable":true,"href":"https:\/\/elinformante.mx\/index.php?rest_route=%2Fwp%2Fv2%2Fcategories&post=91321"},{"taxonomy":"post_tag","embeddable":true,"href":"https:\/\/elinformante.mx\/index.php?rest_route=%2Fwp%2Fv2%2Ftags&post=91321"}],"curies":[{"name":"wp","href":"https:\/\/api.w.org\/{rel}","templated":true}]}}