{"id":91357,"date":"2025-08-22T05:47:51","date_gmt":"2025-08-22T11:47:51","guid":{"rendered":"https:\/\/elinformante.mx\/?p=91357"},"modified":"2025-08-22T05:47:54","modified_gmt":"2025-08-22T11:47:54","slug":"entrega-manuel-vilchis-remodelacion-de-la-plaza-constitucion-en-zinacantepec","status":"publish","type":"post","link":"https:\/\/elinformante.mx\/?p=91357","title":{"rendered":"Entrega Manuel Vilchis remodelaci\u00f3n de la Plaza Constituci\u00f3n en Zinacantepec"},"content":{"rendered":"\n<figure class=\"wp-block-pullquote\"><blockquote><p>Se cuid\u00f3 de manera especial la arquitectura, salvando la esencia y manteniendo viva la identidad de los zinacantepequeneses.<\/p><\/blockquote><\/figure>\n\n\n\n<p class=\"has-drop-cap\">Comprometido con el bienestar de las familias, en el municipio de Zinacantepec, el presidente municipal, Manuel Vilchis Viveros, llev\u00f3 a cabo la supervisi\u00f3n y entrega de la remodelaci\u00f3n efectuada a la Plaza Constituci\u00f3n que se encuentra en el coraz\u00f3n del municipio.<br><\/p>\n\n\n\n<p>Ante vecinas y vecinos, acompa\u00f1ado de su cabildo y autoridades, se\u00f1al\u00f3 que este espacio, es s\u00edmbolo de identidad y el punto de encuentro de generaciones en Zinacantepec.<br><\/p>\n\n\n\n<p>Se\u00f1al\u00f3 que hoy, que est\u00e1 renovada, esta seguir\u00e1 siendo el lugar donde nuestras familias, fortalecer\u00e1n la comunidad y adem\u00e1s se construir\u00e1 el v\u00ednculo con nuestro orgullo zinacantepequense.<br><\/p>\n\n\n\n<p>Vilchis Viveros se\u00f1al\u00f3 que la Plaza Constituci\u00f3n representa m\u00e1s que un espacio p\u00fablico: es un reflejo del avance, la transformaci\u00f3n y el desarrollo que juntos estamos logrando en nuestro municipio.<br><\/p>\n\n\n\n<p>Se construyeron 70 metros lineales de pergolado en un \u00e1rea de 768 metros cuadrados, con 36 columnas de cantera y con una iluminaci\u00f3n que permita que los habitantes puedan caminar de manera libre y segura.<br><\/p>\n\n\n\n<figure class=\"wp-block-image size-large\"><img fetchpriority=\"high\" decoding=\"async\" width=\"1024\" height=\"506\" src=\"https:\/\/elinformante.mx\/wp-content\/uploads\/2025\/08\/11zina-3-1-1024x506.jpg\" alt=\"\" class=\"wp-image-91359\" srcset=\"https:\/\/elinformante.mx\/wp-content\/uploads\/2025\/08\/11zina-3-1-1024x506.jpg 1024w, https:\/\/elinformante.mx\/wp-content\/uploads\/2025\/08\/11zina-3-1-300x148.jpg 300w, https:\/\/elinformante.mx\/wp-content\/uploads\/2025\/08\/11zina-3-1-768x379.jpg 768w, https:\/\/elinformante.mx\/wp-content\/uploads\/2025\/08\/11zina-3-1.jpg 1140w\" sizes=\"(max-width: 1024px) 100vw, 1024px\" \/><\/figure>\n\n\n\n<p>Se intervino un \u00e1rea de total 3300 metros cuadrados, en los cuales se acondicionaron 635 metros cuadrados de jardiner\u00eda, con la implementaci\u00f3n de pasto y flores que beneficien el medio del lugar.<br><\/p>\n\n\n\n<p>Se cuid\u00f3 de manera especial la arquitectura, salvando la esencia y manteniendo viva la identidad de los zinacantepequeneses.<br><\/p>\n\n\n\n<p>Vilchis Viveros agradeci\u00f3 a todos los que trabajaron de la mano con su gobierno, para poder llevar a cabo, este tipo de obras, que por muchos a\u00f1os, se mantuvieron olvidadas.<br><\/p>\n\n\n\n<p>Se comprometi\u00f3 a seguir trabajando para mejorar tanto la infraestructura, la educaci\u00f3n, mantener un enfoque especial en el deporte, adem\u00e1s de seguir promoviendo programas de salud, y pidi\u00f3, que todas y todos los habitantes de Zinacantepec, conf\u00eden, en que los van a escuchar, que van a trabajar en resolver las problem\u00e1ticas y a seguir encaminados para lograr devolverle el brillo, que por muchos a\u00f1os, Zinacantepec hab\u00eda perdido.<br><\/p>\n\n\n\n<p>Durante el d\u00eda, Vilchis Viveros, recibi\u00f3 a la censor Lic. Amaranta Sara\u00ed Reyes Silverio, con quien revis\u00f3 y dio por concluidas las actividades referentes al Censo Nacional de Gobiernos Municipales, realizado por el INEGI.<\/p>\n","protected":false},"excerpt":{"rendered":"<p>Se cuid\u00f3 de manera especial la arquitectura, salvando la esencia y manteniendo viva la identidad de los zinacantepequeneses. Comprometido con el bienestar de las familias, en el municipio de Zinacantepec, el presidente municipal, Manuel Vilchis Viveros, llev\u00f3 a cabo la supervisi\u00f3n y entrega de la remodelaci\u00f3n efectuada a la Plaza Constituci\u00f3n que se encuentra en [&hellip;]<\/p>\n","protected":false},"author":1,"featured_media":91358,"comment_status":"closed","ping_status":"closed","sticky":false,"template":"","format":"standard","meta":{"footnotes":""},"categories":[36],"tags":[],"class_list":["post-91357","post","type-post","status-publish","format-standard","has-post-thumbnail","hentry","category-edomex"],"_links":{"self":[{"href":"https:\/\/elinformante.mx\/index.php?rest_route=\/wp\/v2\/posts\/91357","targetHints":{"allow":["GET"]}}],"collection":[{"href":"https:\/\/elinformante.mx\/index.php?rest_route=\/wp\/v2\/posts"}],"about":[{"href":"https:\/\/elinformante.mx\/index.php?rest_route=\/wp\/v2\/types\/post"}],"author":[{"embeddable":true,"href":"https:\/\/elinformante.mx\/index.php?rest_route=\/wp\/v2\/users\/1"}],"replies":[{"embeddable":true,"href":"https:\/\/elinformante.mx\/index.php?rest_route=%2Fwp%2Fv2%2Fcomments&post=91357"}],"version-history":[{"count":0,"href":"https:\/\/elinformante.mx\/index.php?rest_route=\/wp\/v2\/posts\/91357\/revisions"}],"wp:featuredmedia":[{"embeddable":true,"href":"https:\/\/elinformante.mx\/index.php?rest_route=\/wp\/v2\/media\/91358"}],"wp:attachment":[{"href":"https:\/\/elinformante.mx\/index.php?rest_route=%2Fwp%2Fv2%2Fmedia&parent=91357"}],"wp:term":[{"taxonomy":"category","embeddable":true,"href":"https:\/\/elinformante.mx\/index.php?rest_route=%2Fwp%2Fv2%2Fcategories&post=91357"},{"taxonomy":"post_tag","embeddable":true,"href":"https:\/\/elinformante.mx\/index.php?rest_route=%2Fwp%2Fv2%2Ftags&post=91357"}],"curies":[{"name":"wp","href":"https:\/\/api.w.org\/{rel}","templated":true}]}}