{"id":91572,"date":"2025-08-26T05:45:37","date_gmt":"2025-08-26T11:45:37","guid":{"rendered":"https:\/\/elinformante.mx\/?p=91572"},"modified":"2025-08-26T05:45:39","modified_gmt":"2025-08-26T11:45:39","slug":"despliega-venezuela-15-mil-militares-en-la-frontera-con-colombia-contra-el-narcotrafico","status":"publish","type":"post","link":"https:\/\/elinformante.mx\/?p=91572","title":{"rendered":"Despliega Venezuela 15 mil militares en la frontera con Colombia contra el narcotr\u00e1fico"},"content":{"rendered":"\n<figure class=\"wp-block-pullquote\"><blockquote><p>Se han enviado a estos efectivos en medio del conflicto con Estados Unidos.<\/p><\/blockquote><\/figure>\n\n\n\n<p class=\"has-drop-cap\">Venezuela anunci\u00f3 el despliegue de 15,000 efectivos de sus cuerpos de seguridad en la frontera con Colombia para operaciones contra el narcotr\u00e1fico, en momentos en que Estados Unidos acusa al presidente Nicol\u00e1s Maduro de encabezar un c\u00e1rtel de drogas.<br><\/p>\n\n\n\n<p>Tres destructores lanzamisiles estadounidenses tienen previsto posicionarse en aguas internacionales en los pr\u00f3ximos d\u00edas, frente a las costas de Venezuela, para lo que Washington asegura se trata de operaciones contra el narcotr\u00e1fico internacional. Maduro no obstante denuncia una amenaza y abri\u00f3 el registro militar para ampliar sus filas.<br><\/p>\n\n\n\n<p>La movilizaci\u00f3n coincide con la acusaci\u00f3n estadounidense contra Maduro y a cercanos colaboradores de su gobierno, como su ministro del Interior, Diosdado Cabello, de pertenecer a una supuesta organizaci\u00f3n del narcotr\u00e1fico bautizada el Cartel de los Soles. Ofrecen 50 y 25 millones de d\u00f3lares respectivamente por informaci\u00f3n que lleve a su captura.<br><\/p>\n\n\n\n<p>\u201c\u00bfPor qu\u00e9 no desplieguen aqu\u00ed sus flotas, sus aviones para luchar contra el 87% de la droga que sale de Colombia?\u201d, cuestion\u00f3 Cabello mientras apuntaba en el mapa el Oc\u00e9ano Pac\u00edfico y citaba cifras de un supuesto informe de la ONU.<br><\/p>\n\n\n\n<p>Cabello anunci\u00f3 en rueda de prensa un refuerzo operacional en los estados Zulia y T\u00e1chira, fronterizos con Colombia. Maduro ha ordenado en una primera fase un despliegue de 15,000 hombres y mujeres, dijo el ministro.<br><\/p>\n\n\n\n<p>\u201cNo es con nosotros que tiene v\u00ednculos el narcotr\u00e1fico\u201d, insisti\u00f3 Cabello que acusa a la oposici\u00f3n de apoyar operaciones del narcotr\u00e1fico colombiano.<\/p>\n","protected":false},"excerpt":{"rendered":"<p>Se han enviado a estos efectivos en medio del conflicto con Estados Unidos. Venezuela anunci\u00f3 el despliegue de 15,000 efectivos de sus cuerpos de seguridad en la frontera con Colombia para operaciones contra el narcotr\u00e1fico, en momentos en que Estados Unidos acusa al presidente Nicol\u00e1s Maduro de encabezar un c\u00e1rtel de drogas. Tres destructores lanzamisiles [&hellip;]<\/p>\n","protected":false},"author":1,"featured_media":91573,"comment_status":"closed","ping_status":"closed","sticky":false,"template":"","format":"standard","meta":{"footnotes":""},"categories":[33],"tags":[],"class_list":["post-91572","post","type-post","status-publish","format-standard","has-post-thumbnail","hentry","category-mundo"],"_links":{"self":[{"href":"https:\/\/elinformante.mx\/index.php?rest_route=\/wp\/v2\/posts\/91572","targetHints":{"allow":["GET"]}}],"collection":[{"href":"https:\/\/elinformante.mx\/index.php?rest_route=\/wp\/v2\/posts"}],"about":[{"href":"https:\/\/elinformante.mx\/index.php?rest_route=\/wp\/v2\/types\/post"}],"author":[{"embeddable":true,"href":"https:\/\/elinformante.mx\/index.php?rest_route=\/wp\/v2\/users\/1"}],"replies":[{"embeddable":true,"href":"https:\/\/elinformante.mx\/index.php?rest_route=%2Fwp%2Fv2%2Fcomments&post=91572"}],"version-history":[{"count":0,"href":"https:\/\/elinformante.mx\/index.php?rest_route=\/wp\/v2\/posts\/91572\/revisions"}],"wp:featuredmedia":[{"embeddable":true,"href":"https:\/\/elinformante.mx\/index.php?rest_route=\/wp\/v2\/media\/91573"}],"wp:attachment":[{"href":"https:\/\/elinformante.mx\/index.php?rest_route=%2Fwp%2Fv2%2Fmedia&parent=91572"}],"wp:term":[{"taxonomy":"category","embeddable":true,"href":"https:\/\/elinformante.mx\/index.php?rest_route=%2Fwp%2Fv2%2Fcategories&post=91572"},{"taxonomy":"post_tag","embeddable":true,"href":"https:\/\/elinformante.mx\/index.php?rest_route=%2Fwp%2Fv2%2Ftags&post=91572"}],"curies":[{"name":"wp","href":"https:\/\/api.w.org\/{rel}","templated":true}]}}