{"id":91575,"date":"2025-08-26T05:46:43","date_gmt":"2025-08-26T11:46:43","guid":{"rendered":"https:\/\/elinformante.mx\/?p=91575"},"modified":"2025-08-26T05:46:47","modified_gmt":"2025-08-26T11:46:47","slug":"estados-unidos-busca-revocar-licencias-de-las-cadenas-nbc-y-abc","status":"publish","type":"post","link":"https:\/\/elinformante.mx\/?p=91575","title":{"rendered":"Estados Unidos busca revocar licencias de las cadenas NBC y ABC"},"content":{"rendered":"\n<figure class=\"wp-block-pullquote\"><blockquote><p>La FCC, una agencia federal independiente, concede licencias de ocho a\u00f1os a emisoras individuales, no a cadenas.<\/p><\/blockquote><\/figure>\n\n\n\n<p class=\"has-drop-cap\">El presidente Donald Trump reiter\u00f3 su petici\u00f3n a la Comisi\u00f3n Federal de Comunicaciones de que revoque las licencias de dos grandes cadenas estadounidenses y les cobre por usar las ondas p\u00fablicas, al tiempo que critic\u00f3 su programaci\u00f3n informativa.<br><\/p>\n\n\n\n<p>Trump sugiri\u00f3 en las redes sociales que ABC, propiedad de Disney, y NBC, propiedad de Comcast, son tendenciosas y emiten sobre todo malas historias sobre \u00e9l, y que por ello deber\u00edan, seg\u00fan muchos, ser revocadas sus licencias por la FCC. Yo estar\u00eda totalmente a favor de eso porque son muy parciales y faltan a la verdad.<br><\/p>\n\n\n\n<p>La FCC, una agencia federal independiente, concede licencias de ocho a\u00f1os a emisoras individuales, no a cadenas.<br><\/p>\n\n\n\n<figure class=\"wp-block-image size-large\"><img fetchpriority=\"high\" decoding=\"async\" width=\"1024\" height=\"506\" src=\"https:\/\/elinformante.mx\/wp-content\/uploads\/2025\/08\/13estados-21-1024x506.jpg\" alt=\"\" class=\"wp-image-91577\" srcset=\"https:\/\/elinformante.mx\/wp-content\/uploads\/2025\/08\/13estados-21-1024x506.jpg 1024w, https:\/\/elinformante.mx\/wp-content\/uploads\/2025\/08\/13estados-21-300x148.jpg 300w, https:\/\/elinformante.mx\/wp-content\/uploads\/2025\/08\/13estados-21-768x379.jpg 768w, https:\/\/elinformante.mx\/wp-content\/uploads\/2025\/08\/13estados-21.jpg 1140w\" sizes=\"(max-width: 1024px) 100vw, 1024px\" \/><\/figure>\n\n\n\n<p>Trump tambi\u00e9n sugiri\u00f3 que las emisoras deber\u00edan pagar millones de d\u00f3lares en concepto de derechos de licencia por el espectro radioel\u00e9ctrico que utilizan. David Sacks, que ahora es asesor de la Casa Blanca, dijo en octubre que el espectro utilizado por las redes \u201cdeber\u00eda ser subastado, y los ingresos utilizados para pagar la deuda nacional\u201d.<br><\/p>\n\n\n\n<p>El presidente de la FCC, Brendan Carr, ha se\u00f1alado: \u201cel sector de los medios de comunicaci\u00f3n de todo el pa\u00eds necesita un cambio de rumbo\u201d, declar\u00f3 el mes pasado.<br><\/p>\n\n\n\n<p>La comisionada dem\u00f3crata de la FCC, Anna G\u00f3mez, dijo que la FCC estaba imponiendo \u201ccontroles nunca antes vistos sobre las decisiones de las redacciones y el juicio editorial, en violaci\u00f3n directa de la Primera Enmienda y la ley\u201d.<\/p>\n","protected":false},"excerpt":{"rendered":"<p>La FCC, una agencia federal independiente, concede licencias de ocho a\u00f1os a emisoras individuales, no a cadenas. El presidente Donald Trump reiter\u00f3 su petici\u00f3n a la Comisi\u00f3n Federal de Comunicaciones de que revoque las licencias de dos grandes cadenas estadounidenses y les cobre por usar las ondas p\u00fablicas, al tiempo que critic\u00f3 su programaci\u00f3n informativa. [&hellip;]<\/p>\n","protected":false},"author":1,"featured_media":91576,"comment_status":"closed","ping_status":"closed","sticky":false,"template":"","format":"standard","meta":{"footnotes":""},"categories":[30,33],"tags":[],"class_list":["post-91575","post","type-post","status-publish","format-standard","has-post-thumbnail","hentry","category-destacado","category-mundo"],"_links":{"self":[{"href":"https:\/\/elinformante.mx\/index.php?rest_route=\/wp\/v2\/posts\/91575","targetHints":{"allow":["GET"]}}],"collection":[{"href":"https:\/\/elinformante.mx\/index.php?rest_route=\/wp\/v2\/posts"}],"about":[{"href":"https:\/\/elinformante.mx\/index.php?rest_route=\/wp\/v2\/types\/post"}],"author":[{"embeddable":true,"href":"https:\/\/elinformante.mx\/index.php?rest_route=\/wp\/v2\/users\/1"}],"replies":[{"embeddable":true,"href":"https:\/\/elinformante.mx\/index.php?rest_route=%2Fwp%2Fv2%2Fcomments&post=91575"}],"version-history":[{"count":0,"href":"https:\/\/elinformante.mx\/index.php?rest_route=\/wp\/v2\/posts\/91575\/revisions"}],"wp:featuredmedia":[{"embeddable":true,"href":"https:\/\/elinformante.mx\/index.php?rest_route=\/wp\/v2\/media\/91576"}],"wp:attachment":[{"href":"https:\/\/elinformante.mx\/index.php?rest_route=%2Fwp%2Fv2%2Fmedia&parent=91575"}],"wp:term":[{"taxonomy":"category","embeddable":true,"href":"https:\/\/elinformante.mx\/index.php?rest_route=%2Fwp%2Fv2%2Fcategories&post=91575"},{"taxonomy":"post_tag","embeddable":true,"href":"https:\/\/elinformante.mx\/index.php?rest_route=%2Fwp%2Fv2%2Ftags&post=91575"}],"curies":[{"name":"wp","href":"https:\/\/api.w.org\/{rel}","templated":true}]}}