{"id":91579,"date":"2025-08-26T05:48:30","date_gmt":"2025-08-26T11:48:30","guid":{"rendered":"https:\/\/elinformante.mx\/?p=91579"},"modified":"2025-08-26T05:48:34","modified_gmt":"2025-08-26T11:48:34","slug":"gem-premia-a-promotores-de-la-salud-participantes-en-el-5to-concurso-de-carteles-y-videos-el-poder-de-la-salud","status":"publish","type":"post","link":"https:\/\/elinformante.mx\/?p=91579","title":{"rendered":"GEM premia a promotores de la Salud participantes en el 5to Concurso de Carteles y Videos \u201cEl Poder de la Salud\u201d"},"content":{"rendered":"\n<figure class=\"wp-block-pullquote\"><blockquote><p>-Permite este certamen reunir experiencias exitosas que fortalezcan la cultura del autocuidado.<\/p><\/blockquote><\/figure>\n\n\n\n<p class=\"has-drop-cap\">Con el fin de reconocer y visibilizar la labor y compromiso de los promotores de la salud para acercar la atenci\u00f3n a las comunidades m\u00e1s vulnerables, el Gobierno del Estado de M\u00e9xico realiz\u00f3 el 5\u00b0 Concurso Estatal de Carteles y Videos Experiencias Exitosas \u201cEl poder de la salud\u201d, y premi\u00f3 a ganadores de tres municipios mexiquenses.<br><\/p>\n\n\n\n<p>Los participantes en este certamen, 11 en la modalidad de video y 9 en modalidad de cartel, compartieron pr\u00e1cticas exitosas que fortalecen la cultura del autocuidado y reafirman el valor de su trabajo en la sociedad.<br><\/p>\n\n\n\n<p>Cabe se\u00f1alar que la promoci\u00f3n de la salud es un proceso que permite a las personas fortalecer el control sobre su bienestar y los factores que lo determinan. Este enfoque impulsa el desarrollo de pol\u00edticas p\u00fablicas orientadas a atender condiciones esenciales como la seguridad alimentaria, la activaci\u00f3n f\u00edsica y la higiene personal, entre otras.<br><\/p>\n\n\n\n<p>El Estado de M\u00e9xico cuenta con 198 promotores distribuidos en localidades prioritarias de las 19 Jurisdicciones Sanitarias. Ellos atienden a comunidades de alta marginaci\u00f3n mediante acciones de diagn\u00f3stico, canalizaci\u00f3n oportuna y educaci\u00f3n en salud, que durante 2025 beneficiaron a m\u00e1s de 690 mil mexiquenses.<br><\/p>\n\n\n\n<p>Ang\u00e9lica Rodr\u00edguez Aguirre, encargada del despacho del Departamento de Promoci\u00f3n de la Salud, agradeci\u00f3 el esfuerzo diario de los promotores de la salud, al hacer entrega reconocimientos a los participantes y del premio al tercer lugar a la Jurisdicci\u00f3n Sanitaria Atizap\u00e1n de Zaragoza, por el video \u201cPrioricemos la Lactancia Materna\u201d; el segundo lugar a la Jurisdicci\u00f3n Sanitaria Tlalnepantla, por el cartel \u201cActiva tu Salud con M\u00e1s Bienestar\u201d, y el primer lugar la Jurisdicci\u00f3n Sanitaria Zumpango, por el video \u201cEl Poder de la Salud\u201d.<br><\/p>\n\n\n\n<p>En el evento estuvieron presentes Aar\u00f3n Paris Gardu\u00f1o Guti\u00e9rrez, jefe de la Jurisdicci\u00f3n Sanitaria de Atizap\u00e1n de Zaragoza; Carolina Flores Campos, presidenta municipal de Isidro Fabela; Guillermo Rosas Rosas, secretario del Ayuntamiento, y Dante Ruiz Pichardo, responsable del Programa de Pol\u00edticas de Salud P\u00fablica y Promoci\u00f3n de la Salud.<\/p>\n","protected":false},"excerpt":{"rendered":"<p>-Permite este certamen reunir experiencias exitosas que fortalezcan la cultura del autocuidado. Con el fin de reconocer y visibilizar la labor y compromiso de los promotores de la salud para acercar la atenci\u00f3n a las comunidades m\u00e1s vulnerables, el Gobierno del Estado de M\u00e9xico realiz\u00f3 el 5\u00b0 Concurso Estatal de Carteles y Videos Experiencias Exitosas [&hellip;]<\/p>\n","protected":false},"author":1,"featured_media":91580,"comment_status":"closed","ping_status":"closed","sticky":false,"template":"","format":"standard","meta":{"footnotes":""},"categories":[36],"tags":[],"class_list":["post-91579","post","type-post","status-publish","format-standard","has-post-thumbnail","hentry","category-edomex"],"_links":{"self":[{"href":"https:\/\/elinformante.mx\/index.php?rest_route=\/wp\/v2\/posts\/91579","targetHints":{"allow":["GET"]}}],"collection":[{"href":"https:\/\/elinformante.mx\/index.php?rest_route=\/wp\/v2\/posts"}],"about":[{"href":"https:\/\/elinformante.mx\/index.php?rest_route=\/wp\/v2\/types\/post"}],"author":[{"embeddable":true,"href":"https:\/\/elinformante.mx\/index.php?rest_route=\/wp\/v2\/users\/1"}],"replies":[{"embeddable":true,"href":"https:\/\/elinformante.mx\/index.php?rest_route=%2Fwp%2Fv2%2Fcomments&post=91579"}],"version-history":[{"count":0,"href":"https:\/\/elinformante.mx\/index.php?rest_route=\/wp\/v2\/posts\/91579\/revisions"}],"wp:featuredmedia":[{"embeddable":true,"href":"https:\/\/elinformante.mx\/index.php?rest_route=\/wp\/v2\/media\/91580"}],"wp:attachment":[{"href":"https:\/\/elinformante.mx\/index.php?rest_route=%2Fwp%2Fv2%2Fmedia&parent=91579"}],"wp:term":[{"taxonomy":"category","embeddable":true,"href":"https:\/\/elinformante.mx\/index.php?rest_route=%2Fwp%2Fv2%2Fcategories&post=91579"},{"taxonomy":"post_tag","embeddable":true,"href":"https:\/\/elinformante.mx\/index.php?rest_route=%2Fwp%2Fv2%2Ftags&post=91579"}],"curies":[{"name":"wp","href":"https:\/\/api.w.org\/{rel}","templated":true}]}}