{"id":91582,"date":"2025-08-26T05:50:30","date_gmt":"2025-08-26T11:50:30","guid":{"rendered":"https:\/\/elinformante.mx\/?p=91582"},"modified":"2025-08-26T05:50:35","modified_gmt":"2025-08-26T11:50:35","slug":"celebran-suteymistas-el-dia-naranja","status":"publish","type":"post","link":"https:\/\/elinformante.mx\/?p=91582","title":{"rendered":"Celebran Suteymistas el D\u00eda Naranja"},"content":{"rendered":"\n<figure class=\"wp-block-pullquote\"><blockquote><p>Se llev\u00f3 a cabo la conferencia \u201cBienestar emocional y NOM 035-STPS-2018\u201d.<\/p><\/blockquote><\/figure>\n\n\n\n<p class=\"has-drop-cap\">El Sindicato \u00danico de Trabajadores de los Poderes, Municipios e Instituciones Descentralizadas del Estado de M\u00e9xico (Suteym), liderado por Herminio Cahue Calder\u00f3n, secretario general, ha desarrollado una labor permanente para concientizar y sensibilizar a la membres\u00eda en temas de g\u00e9nero, con el objetivo de sumarse a los esfuerzos para generar una sociedad justa y equitativa.<br><\/p>\n\n\n\n<p>En el marco de la conmemoraci\u00f3n del D\u00eda Naranja, el Centro para el Desarrollo Humano de las Mujeres Suteymistas (Cedehms) llev\u00f3 a cabo la conferencia \u201cBienestar emocional y NOM 035-STPS-2018\u201d, impartida por el especialista Jorge Guti\u00e9rrez Siles.<br><\/p>\n\n\n\n<p>Mercedes Pilar Laguna Mendoza, secretaria de Acci\u00f3n Femenil y titular del Cedehms, dio la bienvenida a los asistentes, a quienes reconoci\u00f3 su participaci\u00f3n para formarse en temas que inciden en el servicio p\u00fablico, as\u00ed como en la vida personal.<br><\/p>\n\n\n\n<figure class=\"wp-block-image size-large\"><img fetchpriority=\"high\" decoding=\"async\" width=\"1024\" height=\"506\" src=\"https:\/\/elinformante.mx\/wp-content\/uploads\/2025\/08\/12suteym-2-1024x506.jpg\" alt=\"\" class=\"wp-image-91584\" srcset=\"https:\/\/elinformante.mx\/wp-content\/uploads\/2025\/08\/12suteym-2-1024x506.jpg 1024w, https:\/\/elinformante.mx\/wp-content\/uploads\/2025\/08\/12suteym-2-300x148.jpg 300w, https:\/\/elinformante.mx\/wp-content\/uploads\/2025\/08\/12suteym-2-768x379.jpg 768w, https:\/\/elinformante.mx\/wp-content\/uploads\/2025\/08\/12suteym-2.jpg 1140w\" sizes=\"(max-width: 1024px) 100vw, 1024px\" \/><\/figure>\n\n\n\n<p>\u201cSomos compa\u00f1eros suteymistas comprometidos con el trabajo\u201d, puntualiz\u00f3. Laguna Mendoza agradeci\u00f3 el respaldo del dirigente estatal a las actividades que impulsa el centro en todo el territorio estatal, para fortalecer a las y los agremiados.<br><\/p>\n\n\n\n<p>Con la digna representaci\u00f3n del secretario general del SUTEYM, Herminio Cahue Calder\u00f3n, asisti\u00f3 a este evento la secretaria de Vivienda del Comit\u00e9 Ejecutivo Estatal, Rosalinda Arizmendi Garc\u00eda. En su mensaje dijo que para el l\u00edder estatal es importante el bienestar integral de las y los suteymistas, as\u00ed como de la sociedad en general.<br><\/p>\n\n\n\n<p>La conferencia del especialista Jorge Guti\u00e9rrez Siles, por medio de diversos recursos, abord\u00f3 aspectos generales de la humanidad, de las emociones y como \u00e9stas influyen en todas las interacciones sociales. As\u00ed como el marco social y legal en el que se origin\u00f3 la NOM-035-STPS-2018, Factores de riesgo psicosocial en el trabajo, identificaci\u00f3n, an\u00e1lisis y prevenci\u00f3n.<\/p>\n","protected":false},"excerpt":{"rendered":"<p>Se llev\u00f3 a cabo la conferencia \u201cBienestar emocional y NOM 035-STPS-2018\u201d. El Sindicato \u00danico de Trabajadores de los Poderes, Municipios e Instituciones Descentralizadas del Estado de M\u00e9xico (Suteym), liderado por Herminio Cahue Calder\u00f3n, secretario general, ha desarrollado una labor permanente para concientizar y sensibilizar a la membres\u00eda en temas de g\u00e9nero, con el objetivo de [&hellip;]<\/p>\n","protected":false},"author":1,"featured_media":91583,"comment_status":"closed","ping_status":"closed","sticky":false,"template":"","format":"standard","meta":{"footnotes":""},"categories":[30,36],"tags":[],"class_list":["post-91582","post","type-post","status-publish","format-standard","has-post-thumbnail","hentry","category-destacado","category-edomex"],"_links":{"self":[{"href":"https:\/\/elinformante.mx\/index.php?rest_route=\/wp\/v2\/posts\/91582","targetHints":{"allow":["GET"]}}],"collection":[{"href":"https:\/\/elinformante.mx\/index.php?rest_route=\/wp\/v2\/posts"}],"about":[{"href":"https:\/\/elinformante.mx\/index.php?rest_route=\/wp\/v2\/types\/post"}],"author":[{"embeddable":true,"href":"https:\/\/elinformante.mx\/index.php?rest_route=\/wp\/v2\/users\/1"}],"replies":[{"embeddable":true,"href":"https:\/\/elinformante.mx\/index.php?rest_route=%2Fwp%2Fv2%2Fcomments&post=91582"}],"version-history":[{"count":0,"href":"https:\/\/elinformante.mx\/index.php?rest_route=\/wp\/v2\/posts\/91582\/revisions"}],"wp:featuredmedia":[{"embeddable":true,"href":"https:\/\/elinformante.mx\/index.php?rest_route=\/wp\/v2\/media\/91583"}],"wp:attachment":[{"href":"https:\/\/elinformante.mx\/index.php?rest_route=%2Fwp%2Fv2%2Fmedia&parent=91582"}],"wp:term":[{"taxonomy":"category","embeddable":true,"href":"https:\/\/elinformante.mx\/index.php?rest_route=%2Fwp%2Fv2%2Fcategories&post=91582"},{"taxonomy":"post_tag","embeddable":true,"href":"https:\/\/elinformante.mx\/index.php?rest_route=%2Fwp%2Fv2%2Ftags&post=91582"}],"curies":[{"name":"wp","href":"https:\/\/api.w.org\/{rel}","templated":true}]}}