{"id":91616,"date":"2025-08-26T06:38:15","date_gmt":"2025-08-26T12:38:15","guid":{"rendered":"https:\/\/elinformante.mx\/?p=91616"},"modified":"2025-08-26T06:38:17","modified_gmt":"2025-08-26T12:38:17","slug":"preside-alejandro-encinas-comisiones-relacionadas-con-la-nomenclatura-y-evaluacion-de-peritos-de-la-cdmx","status":"publish","type":"post","link":"https:\/\/elinformante.mx\/?p=91616","title":{"rendered":"Preside Alejandro Encinas comisiones relacionadas con la nomenclatura y evaluaci\u00f3n de peritos de la CDMX"},"content":{"rendered":"\n<figure class=\"wp-block-pullquote\"><blockquote><p>Se\u00f1al\u00f3 que una vez aprobados estos cambios, lo \u00fanico que falta es su publicaci\u00f3n en la Gaceta Oficial de la Ciudad de M\u00e9xico<\/p><\/blockquote><\/figure>\n\n\n\n<p class=\"has-drop-cap\">El secretario de Metr\u00f3polis, Alejandro Encinas Rodr\u00edguez, encabez\u00f3 la reinstalaci\u00f3n de las Comisiones de Nomenclatura, y de Evaluaci\u00f3n de Peritos en Desarrollo Urbano y Peritos Responsables de la Explotaci\u00f3n de Yacimientos, en las que se acord\u00f3, entre otros temas, unificar el nombre de tres colonias en la alcald\u00eda Iztapalapa; nombrar \u201cArquitecto Luis Barrag\u00e1n\u201d a la plaza exterior del Metro Constituyentes, en Miguel Hidalgo; y la necesidad de llevar a cabo cursos de actualizaci\u00f3n en materia de peritajes.<br><\/p>\n\n\n\n<p>Durante la primera reuni\u00f3n, celebrada en la sede de Metr\u00f3polis, por unanimidad de siete votos a favor, 0 en contra y 0 abstenciones, la Comisi\u00f3n de Nomenclatura de Ciudad de M\u00e9xico aprob\u00f3 asignar el nombre de \u201cArquitecto Luis Barrag\u00e1n\u201d a la plaza exterior del Metro Constituyentes, en la alcald\u00eda Miguel Hidalgo.<br><\/p>\n\n\n\n<p>Asimismo se acord\u00f3 unificar y nombrar colonia \u201cPredio el Molino\u201d a las anteriores colonias llamadas Celoalliotli, Cananea y Uscovi, en la alcald\u00eda Iztapalapa, con lo que se da respuesta a demandas ciudadanas planteadas en el Zocalo Ciudadano, que encabeza la Jefa de Gobierno, Clara Brugada Molina.<br><\/p>\n\n\n\n<p>En la reuni\u00f3n en la que particip\u00f3 una representante de la Secretar\u00eda de Gobierno de la Ciudad de M\u00e9xico, que encabeza el secretario C\u00e9sar Cravioto, se record\u00f3 que la propuesta para la Plaza \u201cArquitecto Luis Barrag\u00e1n\u201d se plante\u00f3 en la Tercera Sesi\u00f3n Ordinaria, realizada el 13 de septiembre de 2024.<br><\/p>\n\n\n\n<p>Cabe mencionar que durante la votaci\u00f3n para la nueva nomenclatura en la colonia Predio el Molino, de Iztapalapa, estuvieron presentes representantes vecinales las colonias a las que se les cambi\u00f3 el nombre, y se mencion\u00f3 que la decisi\u00f3n original del cambio de nombre fue producto de una consulta en dichas colonias, donde el 80% de los vecinos se pronunci\u00f3 a favor de cambiar el nombre por el propuesto.<br><\/p>\n\n\n\n<p>Adem\u00e1s, esta acci\u00f3n incluy\u00f3 tambi\u00e9n modificar los nombres a las calles Hombre de Fuego por la calle Diagonal de los Olivos; y calle Acahuatl por Calle Pintapan, comprendidas en la misma colonia.<br><\/p>\n\n\n\n<p>El secretario Alejandro Encinas se\u00f1al\u00f3 que una vez aprobados estos cambios en la nomenclatura de las alcald\u00edas Iztapalapa y Miguel Hidalgo, lo \u00fanico que falta es su publicaci\u00f3n en la Gaceta Oficial de la Ciudad de M\u00e9xico, para su entrada en vigencia.<\/p>\n","protected":false},"excerpt":{"rendered":"<p>Se\u00f1al\u00f3 que una vez aprobados estos cambios, lo \u00fanico que falta es su publicaci\u00f3n en la Gaceta Oficial de la Ciudad de M\u00e9xico El secretario de Metr\u00f3polis, Alejandro Encinas Rodr\u00edguez, encabez\u00f3 la reinstalaci\u00f3n de las Comisiones de Nomenclatura, y de Evaluaci\u00f3n de Peritos en Desarrollo Urbano y Peritos Responsables de la Explotaci\u00f3n de Yacimientos, en [&hellip;]<\/p>\n","protected":false},"author":1,"featured_media":91617,"comment_status":"closed","ping_status":"closed","sticky":false,"template":"","format":"standard","meta":{"footnotes":""},"categories":[35],"tags":[],"class_list":["post-91616","post","type-post","status-publish","format-standard","has-post-thumbnail","hentry","category-cdmx"],"_links":{"self":[{"href":"https:\/\/elinformante.mx\/index.php?rest_route=\/wp\/v2\/posts\/91616","targetHints":{"allow":["GET"]}}],"collection":[{"href":"https:\/\/elinformante.mx\/index.php?rest_route=\/wp\/v2\/posts"}],"about":[{"href":"https:\/\/elinformante.mx\/index.php?rest_route=\/wp\/v2\/types\/post"}],"author":[{"embeddable":true,"href":"https:\/\/elinformante.mx\/index.php?rest_route=\/wp\/v2\/users\/1"}],"replies":[{"embeddable":true,"href":"https:\/\/elinformante.mx\/index.php?rest_route=%2Fwp%2Fv2%2Fcomments&post=91616"}],"version-history":[{"count":0,"href":"https:\/\/elinformante.mx\/index.php?rest_route=\/wp\/v2\/posts\/91616\/revisions"}],"wp:featuredmedia":[{"embeddable":true,"href":"https:\/\/elinformante.mx\/index.php?rest_route=\/wp\/v2\/media\/91617"}],"wp:attachment":[{"href":"https:\/\/elinformante.mx\/index.php?rest_route=%2Fwp%2Fv2%2Fmedia&parent=91616"}],"wp:term":[{"taxonomy":"category","embeddable":true,"href":"https:\/\/elinformante.mx\/index.php?rest_route=%2Fwp%2Fv2%2Fcategories&post=91616"},{"taxonomy":"post_tag","embeddable":true,"href":"https:\/\/elinformante.mx\/index.php?rest_route=%2Fwp%2Fv2%2Ftags&post=91616"}],"curies":[{"name":"wp","href":"https:\/\/api.w.org\/{rel}","templated":true}]}}