{"id":91629,"date":"2025-08-26T07:01:02","date_gmt":"2025-08-26T13:01:02","guid":{"rendered":"https:\/\/elinformante.mx\/?p=91629"},"modified":"2025-08-26T07:01:03","modified_gmt":"2025-08-26T13:01:03","slug":"autonomia-de-banxico-clave-csp","status":"publish","type":"post","link":"https:\/\/elinformante.mx\/?p=91629","title":{"rendered":"AUTONOM\u00cdA DE BANXICO, CLAVE: CSP"},"content":{"rendered":"\n<figure class=\"wp-block-pullquote\"><blockquote><p><strong>Por: Marco A. Mares<\/strong><\/p><\/blockquote><\/figure>\n\n\n\n<p class=\"has-drop-cap\">La presidenta de M\u00e9xico, Claudia Sheinbaum, reconoci\u00f3 que la autonom\u00eda del Banco de M\u00e9xico ha sido clave para mantener la estabilidad macroecon\u00f3mica.<br><\/p>\n\n\n\n<p>Tal pronunciamiento tiene un valor especial en la percepci\u00f3n de los agentes econ\u00f3micos locales e internacionales.<br><\/p>\n\n\n\n<p>La autonom\u00eda del Banco de M\u00e9xico, es un valor intangible pero tremendamente poderoso, porque a partir de ella, se garantiza el manejo t\u00e9cnico de la pol\u00edtica monetaria, libre de los ciclos y las presiones pol\u00edticas.<br><\/p>\n\n\n\n<p>De hecho, el respeto a la autonom\u00eda del banco central es un mensaje clave para nuestro principal socio comercial en el T-MEC: Estados Unidos y por supuesto para Canad\u00e1, en el acuerdo trilateral.<br><\/p>\n\n\n\n<p>Al celebrar los 100 a\u00f1os del nacimiento del Banco de M\u00e9xico, la Jefa del Ejecutivo habl\u00f3 del respeto a la autonom\u00eda de Banxico, el manejo de finanzas p\u00fablicas responsables, y de un sistema financiero s\u00f3lido, como bases s\u00f3lidas para un entorno de confianza para la inversi\u00f3n productiva.<br><\/p>\n\n\n\n<p>El discurso presidencial, aunque no estuvo exento de notas y cr\u00edticas pol\u00edticas a los gobiernos previos a los autodenominados como la cuarta transformaci\u00f3n, mantuvo una directriz perfectamente ortodoxa en materia econ\u00f3mica.<br><\/p>\n\n\n\n<p>M\u00e1s all\u00e1 del signo de derecha o de izquierda de los gobiernos \u2013porque en todos se han registrado presiones hacia el Banco de M\u00e9xico\u2013, su autonom\u00eda ha permitido conservar la estabilidad macroecon\u00f3mica.<br><\/p>\n\n\n\n<p>\u00bfPor qu\u00e9 es importante el reconocimiento, por parte del gobierno, de la importancia de la autonom\u00eda de Banxico?<br><\/p>\n\n\n\n<p>Porque la autonom\u00eda del banco central es un intangible y poderoso escudo protector.<br><\/p>\n\n\n\n<p>Es un pilar para la estabilidad econ\u00f3mica, porque permite que se tomen decisiones t\u00e9cnicas, protege el poder adquisitivo y genera confianza.<br><\/p>\n\n\n\n<p>Sin autonom\u00eda, el Banco de M\u00e9xico ser\u00eda m\u00e1s vulnerable a las crisis econ\u00f3micas y a la inestabilidad financiera.<br><\/p>\n\n\n\n<p>Y sobre todo, estar\u00eda sujeto a las presiones pol\u00edticas de los gobiernos.<br><\/p>\n\n\n\n<p>El secretario de Hacienda, Edgar Amador, tambi\u00e9n refrend\u00f3 la importancia de la autonom\u00eda de Banxico.<br><\/p>\n\n\n\n<p>Subray\u00f3 las lecciones del pasado reciente: que la estabilidad macroecon\u00f3mica se construye con instituciones s\u00f3lidas, disciplina fiscal, autonom\u00eda monetaria y un marco de responsabilidades definidas y complementarias.<br><\/p>\n\n\n\n<p>La gobernadora de Banxico, Victoria Rodr\u00edguez Ceja, ratific\u00f3 su compromiso de mantener una pol\u00edtica monetaria que permita conservar la estabilidad de la tasa de inflaci\u00f3n, en aras de contribuir al crecimiento econ\u00f3mico y la protecci\u00f3n de la econom\u00eda familiar<br><\/p>\n\n\n\n<p>En un momento de cambio institucional como el que vive M\u00e9xico, es importante, que ahora la Presidenta de M\u00e9xico, Hacienda y Banxico refrenden la autonom\u00eda constitucional del instituto.<br><\/p>\n\n\n\n<p>Por otra parte, propuso enfrentar un doble reto.<br><\/p>\n\n\n\n<p>1.- Ampliar el acceso al cr\u00e9dito y 2.- Acelerar la digitalizaci\u00f3n del sistema financiero.<br><\/p>\n\n\n\n<p>Ambos son importantes. Siempre y cuando se entreguen m\u00e1s cr\u00e9ditos bajo criterios ortodoxos y sin poner en riesgo el capital y operaci\u00f3n de los bancos privados.<br><\/p>\n\n\n\n<p>La expresi\u00f3n presidencial en torno a la autonom\u00eda de Banxico es muy importante. Ojal\u00e1 que se mantenga a lo largo de todo el sexenio. Hay que recordar que hay un cambio de ruta gubernamental y que se han venido desmantelado otras instituciones aut\u00f3nomas. Al tiempo.<\/p>\n","protected":false},"excerpt":{"rendered":"<p>Por: Marco A. Mares La presidenta de M\u00e9xico, Claudia Sheinbaum, reconoci\u00f3 que la autonom\u00eda del Banco de M\u00e9xico ha sido clave para mantener la estabilidad macroecon\u00f3mica. Tal pronunciamiento tiene un valor especial en la percepci\u00f3n de los agentes econ\u00f3micos locales e internacionales. La autonom\u00eda del Banco de M\u00e9xico, es un valor intangible pero tremendamente poderoso, [&hellip;]<\/p>\n","protected":false},"author":1,"featured_media":91630,"comment_status":"closed","ping_status":"closed","sticky":false,"template":"","format":"standard","meta":{"footnotes":""},"categories":[32],"tags":[],"class_list":["post-91629","post","type-post","status-publish","format-standard","has-post-thumbnail","hentry","category-editorial"],"_links":{"self":[{"href":"https:\/\/elinformante.mx\/index.php?rest_route=\/wp\/v2\/posts\/91629","targetHints":{"allow":["GET"]}}],"collection":[{"href":"https:\/\/elinformante.mx\/index.php?rest_route=\/wp\/v2\/posts"}],"about":[{"href":"https:\/\/elinformante.mx\/index.php?rest_route=\/wp\/v2\/types\/post"}],"author":[{"embeddable":true,"href":"https:\/\/elinformante.mx\/index.php?rest_route=\/wp\/v2\/users\/1"}],"replies":[{"embeddable":true,"href":"https:\/\/elinformante.mx\/index.php?rest_route=%2Fwp%2Fv2%2Fcomments&post=91629"}],"version-history":[{"count":0,"href":"https:\/\/elinformante.mx\/index.php?rest_route=\/wp\/v2\/posts\/91629\/revisions"}],"wp:featuredmedia":[{"embeddable":true,"href":"https:\/\/elinformante.mx\/index.php?rest_route=\/wp\/v2\/media\/91630"}],"wp:attachment":[{"href":"https:\/\/elinformante.mx\/index.php?rest_route=%2Fwp%2Fv2%2Fmedia&parent=91629"}],"wp:term":[{"taxonomy":"category","embeddable":true,"href":"https:\/\/elinformante.mx\/index.php?rest_route=%2Fwp%2Fv2%2Fcategories&post=91629"},{"taxonomy":"post_tag","embeddable":true,"href":"https:\/\/elinformante.mx\/index.php?rest_route=%2Fwp%2Fv2%2Ftags&post=91629"}],"curies":[{"name":"wp","href":"https:\/\/api.w.org\/{rel}","templated":true}]}}