{"id":91910,"date":"2025-09-01T06:02:07","date_gmt":"2025-09-01T12:02:07","guid":{"rendered":"https:\/\/elinformante.mx\/?p=91910"},"modified":"2025-09-01T06:02:10","modified_gmt":"2025-09-01T12:02:10","slug":"celebro-manuel-vilchis-entrega-de-la-presea-zinacantepetl-2025","status":"publish","type":"post","link":"https:\/\/elinformante.mx\/?p=91910","title":{"rendered":"Celebr\u00f3 Manuel Vilchis entrega de la Presea Zinacantepetl 2025"},"content":{"rendered":"\n<figure class=\"wp-block-pullquote\"><blockquote><p>-Se otorgaron preseas en doce categor\u00edas, incluyendo artes, deporte, derechos humanos y medio ambiente.<\/p><\/blockquote><\/figure>\n\n\n\n<p class=\"has-drop-cap\">El presidente municipal de Zinacantepec, Manuel Vilchis Viveros, en el marco de la conmemoraci\u00f3n por el 205 aniversario de la fundaci\u00f3n del municipio, llev\u00f3 a cabo la ceremonia de entrega de la Presea Zinacantepetl 2025.<br><\/p>\n\n\n\n<p>Este evento tuvo lugar en el Museo Virreinal, en donde Vilchis Viveros se reuni\u00f3 con autoridades, galardonados, familiares y miembros de la comunidad, en donde rindieron homenaje a quienes han contribuido de manera ejemplar al desarrollo y fortalecimiento del municipio.<br><\/p>\n\n\n\n<p>Mencion\u00f3 Vilchis Viveros, que la Presea Zinacantepetl representa el m\u00e1ximo reconocimiento que otorga el gobierno municipal a ciudadanos y organizaciones que en distintos \u00e1mbitos, han demostrado excelencia, compromiso social y vocaci\u00f3n de servicio.<br><\/p>\n\n\n\n<p>Mencion\u00f3 que este a\u00f1o, la convocatoria fue abierta a personas f\u00edsicas y jur\u00eddico-colectivas originarias o vecinas de Zinacantepec, cuyas trayectorias y aportaciones han dejado huella en la vida comunitaria. La selecci\u00f3n de los galardonados estuvo a cargo de la Comisi\u00f3n Edilicia Transitoria, designada por el cabildo, que sesion\u00f3 en el Sal\u00f3n del Pueblo para evaluar las propuestas recibidas entre el 4 y el 8 de agosto.<br><\/p>\n\n\n\n<p>Se entregaron preseas en doce modalidades que abarcan \u00e1reas fundamentales como el m\u00e9rito municipal, las artes y letras, la pedagog\u00eda, el deporte, la juventud, los derechos humanos, la equidad de g\u00e9nero, el medio ambiente, la labor artesanal, la investigaci\u00f3n cient\u00edfica y tecnol\u00f3gica, y el desarrollo emprendedor.<br><\/p>\n\n\n\n<p>Cada galardonado recibi\u00f3 una medalla conmemorativa y un reconocimiento oficial, en medio de aplausos y muestras de afecto por parte de la comunidad.<br><\/p>\n\n\n\n<p>Vilchis Viveros, en su mensaje destac\u00f3 la importancia de reconocer a quienes construyen el presente y el futuro de Zinacantepec.<br><\/p>\n\n\n\n<p>Expres\u00f3 que este acto no solo celebra el aniversario del municipio, sino tambi\u00e9n el esp\u00edritu incansable de quienes lo engrandecen con su trabajo, talento y vocaci\u00f3n. Se\u00f1al\u00f3 que la Presea Zinacantepetl es un s\u00edmbolo de gratitud y esperanza, y que cada uno de los galardonados representa lo mejor de esta tierra.<br><\/p>\n\n\n\n<p>La ceremonia cont\u00f3 con la presencia de integrantes del cabildo, autoridades estatales, representantes de instituciones educativas, culturales y sociales, as\u00ed como familiares y amigos de los homenajeados.<br><\/p>\n\n\n\n<p>Esta presea reafirma su compromiso de seguir reconociendo a quienes, desde el anonimato o la notoriedad, hacen de Zinacantepec un lugar m\u00e1s justo, m\u00e1s humano y m\u00e1s digno.<\/p>\n","protected":false},"excerpt":{"rendered":"<p>-Se otorgaron preseas en doce categor\u00edas, incluyendo artes, deporte, derechos humanos y medio ambiente. El presidente municipal de Zinacantepec, Manuel Vilchis Viveros, en el marco de la conmemoraci\u00f3n por el 205 aniversario de la fundaci\u00f3n del municipio, llev\u00f3 a cabo la ceremonia de entrega de la Presea Zinacantepetl 2025. Este evento tuvo lugar en el [&hellip;]<\/p>\n","protected":false},"author":1,"featured_media":91911,"comment_status":"closed","ping_status":"closed","sticky":false,"template":"","format":"standard","meta":{"footnotes":""},"categories":[30,36],"tags":[],"class_list":["post-91910","post","type-post","status-publish","format-standard","has-post-thumbnail","hentry","category-destacado","category-edomex"],"_links":{"self":[{"href":"https:\/\/elinformante.mx\/index.php?rest_route=\/wp\/v2\/posts\/91910","targetHints":{"allow":["GET"]}}],"collection":[{"href":"https:\/\/elinformante.mx\/index.php?rest_route=\/wp\/v2\/posts"}],"about":[{"href":"https:\/\/elinformante.mx\/index.php?rest_route=\/wp\/v2\/types\/post"}],"author":[{"embeddable":true,"href":"https:\/\/elinformante.mx\/index.php?rest_route=\/wp\/v2\/users\/1"}],"replies":[{"embeddable":true,"href":"https:\/\/elinformante.mx\/index.php?rest_route=%2Fwp%2Fv2%2Fcomments&post=91910"}],"version-history":[{"count":0,"href":"https:\/\/elinformante.mx\/index.php?rest_route=\/wp\/v2\/posts\/91910\/revisions"}],"wp:featuredmedia":[{"embeddable":true,"href":"https:\/\/elinformante.mx\/index.php?rest_route=\/wp\/v2\/media\/91911"}],"wp:attachment":[{"href":"https:\/\/elinformante.mx\/index.php?rest_route=%2Fwp%2Fv2%2Fmedia&parent=91910"}],"wp:term":[{"taxonomy":"category","embeddable":true,"href":"https:\/\/elinformante.mx\/index.php?rest_route=%2Fwp%2Fv2%2Fcategories&post=91910"},{"taxonomy":"post_tag","embeddable":true,"href":"https:\/\/elinformante.mx\/index.php?rest_route=%2Fwp%2Fv2%2Ftags&post=91910"}],"curies":[{"name":"wp","href":"https:\/\/api.w.org\/{rel}","templated":true}]}}