{"id":91950,"date":"2025-09-01T06:51:46","date_gmt":"2025-09-01T12:51:46","guid":{"rendered":"https:\/\/elinformante.mx\/?p=91950"},"modified":"2025-09-01T06:51:47","modified_gmt":"2025-09-01T12:51:47","slug":"empresas-refresqueras-tendran-nuevos-impuestos-en-2026-ernestina-godoy","status":"publish","type":"post","link":"https:\/\/elinformante.mx\/?p=91950","title":{"rendered":"Empresas refresqueras tendr\u00e1n nuevos impuestos en 2026: Ernestina Godoy"},"content":{"rendered":"\n<figure class=\"wp-block-pullquote\"><blockquote><p>Advirti\u00f3 que esta medida generar\u00e1 un amplio cabildeo en el Congreso por parte de las empresas del sector.<\/p><\/blockquote><\/figure>\n\n\n\n<p class=\"has-drop-cap\">Durante la reuni\u00f3n plenaria de legisladores de Morena, la consejera jur\u00eddica Ernestina Godoy anunci\u00f3 que el Gobierno federal incluir\u00e1 en el Paquete Econ\u00f3mico 2026 un aumento al Impuesto Especial sobre Producci\u00f3n y Servicios (IEPS) para empresas refresqueras, esto tiene el objetivo de reducir el consumo de bebidas azucaradas en el pa\u00eds.<br><\/p>\n\n\n\n<p>Godoy explic\u00f3 que esta propuesta forma parte de una estrategia para atender problemas de salud p\u00fablica como la diabetes y la hipertensi\u00f3n, sum\u00e1ndose a la campa\u00f1a nacional anunciada por la presidenta Claudia Sheinbaum contra el consumo excesivo de az\u00facar.<br><\/p>\n\n\n\n<p>Advirti\u00f3 que esta medida generar\u00e1 un amplio cabildeo en el Congreso por parte de las empresas del sector, puesto que el impuesto impactar\u00e1 directamente en su producci\u00f3n y comercializaci\u00f3n.<br><\/p>\n\n\n\n<p>Recordar que adem\u00e1s del tema fiscal, la Presidencia prepara iniciativas de reforma entre las que destaca una a la Ley Aduanera, cuyo prop\u00f3sito ser\u00e1 apretar los controles de importaciones y exportaciones y combatir la corrupci\u00f3n en ese \u00e1mbito.<br><\/p>\n\n\n\n<p>Godoy se\u00f1al\u00f3 que se trata de una propuesta de gran alcance que tambi\u00e9n podr\u00eda enfrentar presi\u00f3n de grupos empresariales.<br><\/p>\n\n\n\n<p>Tambi\u00e9n se contempla permitir que los derechohabientes del ISSSTE accedan a servicios de salud a trav\u00e9s del IMSS Bienestar, como parte de la reconfiguraci\u00f3n del sistema nacional de salud.<br><\/p>\n\n\n\n<p>Aclar\u00f3 que en el pr\u00f3ximo periodo de sesiones los legisladores podr\u00e1n impulsar sus propias iniciativas, siempre que no involucren modificaciones presupuestales, ya que el gasto federal no admitir\u00e1 presiones adicionales.<\/p>\n","protected":false},"excerpt":{"rendered":"<p>Advirti\u00f3 que esta medida generar\u00e1 un amplio cabildeo en el Congreso por parte de las empresas del sector. Durante la reuni\u00f3n plenaria de legisladores de Morena, la consejera jur\u00eddica Ernestina Godoy anunci\u00f3 que el Gobierno federal incluir\u00e1 en el Paquete Econ\u00f3mico 2026 un aumento al Impuesto Especial sobre Producci\u00f3n y Servicios (IEPS) para empresas refresqueras, [&hellip;]<\/p>\n","protected":false},"author":1,"featured_media":91951,"comment_status":"closed","ping_status":"closed","sticky":false,"template":"","format":"standard","meta":{"footnotes":""},"categories":[34],"tags":[],"class_list":["post-91950","post","type-post","status-publish","format-standard","has-post-thumbnail","hentry","category-nacional"],"_links":{"self":[{"href":"https:\/\/elinformante.mx\/index.php?rest_route=\/wp\/v2\/posts\/91950","targetHints":{"allow":["GET"]}}],"collection":[{"href":"https:\/\/elinformante.mx\/index.php?rest_route=\/wp\/v2\/posts"}],"about":[{"href":"https:\/\/elinformante.mx\/index.php?rest_route=\/wp\/v2\/types\/post"}],"author":[{"embeddable":true,"href":"https:\/\/elinformante.mx\/index.php?rest_route=\/wp\/v2\/users\/1"}],"replies":[{"embeddable":true,"href":"https:\/\/elinformante.mx\/index.php?rest_route=%2Fwp%2Fv2%2Fcomments&post=91950"}],"version-history":[{"count":0,"href":"https:\/\/elinformante.mx\/index.php?rest_route=\/wp\/v2\/posts\/91950\/revisions"}],"wp:featuredmedia":[{"embeddable":true,"href":"https:\/\/elinformante.mx\/index.php?rest_route=\/wp\/v2\/media\/91951"}],"wp:attachment":[{"href":"https:\/\/elinformante.mx\/index.php?rest_route=%2Fwp%2Fv2%2Fmedia&parent=91950"}],"wp:term":[{"taxonomy":"category","embeddable":true,"href":"https:\/\/elinformante.mx\/index.php?rest_route=%2Fwp%2Fv2%2Fcategories&post=91950"},{"taxonomy":"post_tag","embeddable":true,"href":"https:\/\/elinformante.mx\/index.php?rest_route=%2Fwp%2Fv2%2Ftags&post=91950"}],"curies":[{"name":"wp","href":"https:\/\/api.w.org\/{rel}","templated":true}]}}