{"id":91977,"date":"2025-09-02T05:09:26","date_gmt":"2025-09-02T11:09:26","guid":{"rendered":"https:\/\/elinformante.mx\/?p=91977"},"modified":"2025-09-02T05:09:32","modified_gmt":"2025-09-02T11:09:32","slug":"roban-a-la-seleccion-mexicana-durante-su-concentracion-en-oakland-california","status":"publish","type":"post","link":"https:\/\/elinformante.mx\/?p=91977","title":{"rendered":"Roban a la Selecci\u00f3n Mexicana durante su concentraci\u00f3n en Oakland, California"},"content":{"rendered":"\n<figure class=\"wp-block-pullquote\"><blockquote><p>-Los amantes de lo ajeno sustrajeron un ba\u00fal de utiler\u00eda que estaba dentro del cami\u00f3n con el material de trabajo del Tri.<\/p><\/blockquote><\/figure>\n\n\n\n<p class=\"has-drop-cap\">La Selecci\u00f3n Nacional de M\u00e9xico sufri\u00f3 un robo durante su concentraci\u00f3n en la ciudad de Oakland, California, donde el pr\u00f3ximo s\u00e1bado van a enfrentar a Jap\u00f3n en el estadio donde antes jugaban los Raiders y los Athletics de la MLB.<br><\/p>\n\n\n\n<p>Durante la madrugada el cami\u00f3n de utiler\u00eda de la Selecci\u00f3n fue abierto por los amantes de lo ajeno, rompieron los candados y sacaron un ba\u00fal que conten\u00eda ligas y rollos para los entrenamientos del equipo azteca.<br><\/p>\n\n\n\n<p>Fue por la ma\u00f1ana antes de salir con rumbo al entrenamiento que se percataron de que los candados del cami\u00f3n estaban rotos y que faltaba este ba\u00fal, por lo que de inmediato se notific\u00f3 a las autoridades tanto del combinado azteca como de la ciudad.<br><\/p>\n\n\n\n<p>El Tricolor ha estado entrenando en las instalaciones del equipo de la USL, Oakland Roots, mismo donde tambi\u00e9n milita el mexicano, J\u00fcrgen Damm.<br><\/p>\n\n\n\n<p>La Selecci\u00f3n ya se encuentra completa, el \u00fanico que no lleg\u00f3 a la concentraci\u00f3n fue Cesar Huerta, quien caus\u00f3 baja por una lesi\u00f3n y se qued\u00f3 en B\u00e9lgica con su equipo haciendo la recuperaci\u00f3n.<br><\/p>\n\n\n\n<p>El resto de los jugadores que militan en Europa ya est\u00e1n en la concentraci\u00f3n y se espera que en el entrenamiento de este mi\u00e9rcoles, Javier Aguirre y su cuerpo t\u00e9cnico ya empiecen a preparar el duelo contra los nipones.<\/p>\n","protected":false},"excerpt":{"rendered":"<p>-Los amantes de lo ajeno sustrajeron un ba\u00fal de utiler\u00eda que estaba dentro del cami\u00f3n con el material de trabajo del Tri. La Selecci\u00f3n Nacional de M\u00e9xico sufri\u00f3 un robo durante su concentraci\u00f3n en la ciudad de Oakland, California, donde el pr\u00f3ximo s\u00e1bado van a enfrentar a Jap\u00f3n en el estadio donde antes jugaban los [&hellip;]<\/p>\n","protected":false},"author":1,"featured_media":91978,"comment_status":"closed","ping_status":"closed","sticky":false,"template":"","format":"standard","meta":{"footnotes":""},"categories":[38],"tags":[],"class_list":["post-91977","post","type-post","status-publish","format-standard","has-post-thumbnail","hentry","category-deportes"],"_links":{"self":[{"href":"https:\/\/elinformante.mx\/index.php?rest_route=\/wp\/v2\/posts\/91977","targetHints":{"allow":["GET"]}}],"collection":[{"href":"https:\/\/elinformante.mx\/index.php?rest_route=\/wp\/v2\/posts"}],"about":[{"href":"https:\/\/elinformante.mx\/index.php?rest_route=\/wp\/v2\/types\/post"}],"author":[{"embeddable":true,"href":"https:\/\/elinformante.mx\/index.php?rest_route=\/wp\/v2\/users\/1"}],"replies":[{"embeddable":true,"href":"https:\/\/elinformante.mx\/index.php?rest_route=%2Fwp%2Fv2%2Fcomments&post=91977"}],"version-history":[{"count":0,"href":"https:\/\/elinformante.mx\/index.php?rest_route=\/wp\/v2\/posts\/91977\/revisions"}],"wp:featuredmedia":[{"embeddable":true,"href":"https:\/\/elinformante.mx\/index.php?rest_route=\/wp\/v2\/media\/91978"}],"wp:attachment":[{"href":"https:\/\/elinformante.mx\/index.php?rest_route=%2Fwp%2Fv2%2Fmedia&parent=91977"}],"wp:term":[{"taxonomy":"category","embeddable":true,"href":"https:\/\/elinformante.mx\/index.php?rest_route=%2Fwp%2Fv2%2Fcategories&post=91977"},{"taxonomy":"post_tag","embeddable":true,"href":"https:\/\/elinformante.mx\/index.php?rest_route=%2Fwp%2Fv2%2Ftags&post=91977"}],"curies":[{"name":"wp","href":"https:\/\/api.w.org\/{rel}","templated":true}]}}