{"id":91981,"date":"2025-09-02T05:16:24","date_gmt":"2025-09-02T11:16:24","guid":{"rendered":"https:\/\/elinformante.mx\/?p=91981"},"modified":"2025-09-02T05:16:26","modified_gmt":"2025-09-02T11:16:26","slug":"issemym-garantiza-respeto-y-transparencia-en-la-renovacion-sindical","status":"publish","type":"post","link":"https:\/\/elinformante.mx\/?p=91981","title":{"rendered":"ISSEMYM garantiza respeto y transparencia en la renovaci\u00f3n sindical"},"content":{"rendered":"\n<figure class=\"wp-block-pullquote\"><blockquote><p>-Reitera su compromiso con la imparcialidad y la autonom\u00eda de la vida sindical.<\/p><\/blockquote><\/figure>\n\n\n\n<p class=\"has-drop-cap\">El Instituto de Seguridad Social del Estado de M\u00e9xico y Municipios (ISSEMYM) refrend\u00f3 su compromiso con la imparcialidad y la transparencia en el proceso de renovaci\u00f3n de la dirigencia de la secci\u00f3n sindical SUTEYM-ISSEMYM, en un marco de respeto a la autonom\u00eda sindical y a la libre decisi\u00f3n de las y los trabajadores.<br><\/p>\n\n\n\n<figure class=\"wp-block-image size-large\"><img fetchpriority=\"high\" decoding=\"async\" width=\"1024\" height=\"506\" src=\"https:\/\/elinformante.mx\/wp-content\/uploads\/2025\/09\/13issemym-2-1024x506.jpg\" alt=\"\" class=\"wp-image-91983\" srcset=\"https:\/\/elinformante.mx\/wp-content\/uploads\/2025\/09\/13issemym-2-1024x506.jpg 1024w, https:\/\/elinformante.mx\/wp-content\/uploads\/2025\/09\/13issemym-2-300x148.jpg 300w, https:\/\/elinformante.mx\/wp-content\/uploads\/2025\/09\/13issemym-2-768x379.jpg 768w, https:\/\/elinformante.mx\/wp-content\/uploads\/2025\/09\/13issemym-2.jpg 1140w\" sizes=\"(max-width: 1024px) 100vw, 1024px\" \/><\/figure>\n\n\n\n<p>Ignacio Salgado Garc\u00eda, Director General del ISSEMYM, subray\u00f3 que la instituci\u00f3n se ha mantenido al margen de las decisiones internas de la base trabajadora, garantizando que cada aspirante cuente con condiciones de equidad para difundir sus propuestas entre las y los sindicalizados.<br><\/p>\n\n\n\n<p>Asimismo, asegur\u00f3 que se mantendr\u00e1 una comunicaci\u00f3n abierta, plural y respetuosa con la planilla que resulte electa, reconociendo en todo momento el papel fundamental de las y los trabajadores sindicalizados en la vida institucional. Finalmente, exhort\u00f3 al personal del Instituto a no descuidar las actividades sustantivas, manteniendo como prioridad la atenci\u00f3n y los servicios a las y los derechohabientes.<\/p>\n","protected":false},"excerpt":{"rendered":"<p>-Reitera su compromiso con la imparcialidad y la autonom\u00eda de la vida sindical. El Instituto de Seguridad Social del Estado de M\u00e9xico y Municipios (ISSEMYM) refrend\u00f3 su compromiso con la imparcialidad y la transparencia en el proceso de renovaci\u00f3n de la dirigencia de la secci\u00f3n sindical SUTEYM-ISSEMYM, en un marco de respeto a la autonom\u00eda [&hellip;]<\/p>\n","protected":false},"author":1,"featured_media":91982,"comment_status":"closed","ping_status":"closed","sticky":false,"template":"","format":"standard","meta":{"footnotes":""},"categories":[36],"tags":[],"class_list":["post-91981","post","type-post","status-publish","format-standard","has-post-thumbnail","hentry","category-edomex"],"_links":{"self":[{"href":"https:\/\/elinformante.mx\/index.php?rest_route=\/wp\/v2\/posts\/91981","targetHints":{"allow":["GET"]}}],"collection":[{"href":"https:\/\/elinformante.mx\/index.php?rest_route=\/wp\/v2\/posts"}],"about":[{"href":"https:\/\/elinformante.mx\/index.php?rest_route=\/wp\/v2\/types\/post"}],"author":[{"embeddable":true,"href":"https:\/\/elinformante.mx\/index.php?rest_route=\/wp\/v2\/users\/1"}],"replies":[{"embeddable":true,"href":"https:\/\/elinformante.mx\/index.php?rest_route=%2Fwp%2Fv2%2Fcomments&post=91981"}],"version-history":[{"count":0,"href":"https:\/\/elinformante.mx\/index.php?rest_route=\/wp\/v2\/posts\/91981\/revisions"}],"wp:featuredmedia":[{"embeddable":true,"href":"https:\/\/elinformante.mx\/index.php?rest_route=\/wp\/v2\/media\/91982"}],"wp:attachment":[{"href":"https:\/\/elinformante.mx\/index.php?rest_route=%2Fwp%2Fv2%2Fmedia&parent=91981"}],"wp:term":[{"taxonomy":"category","embeddable":true,"href":"https:\/\/elinformante.mx\/index.php?rest_route=%2Fwp%2Fv2%2Fcategories&post=91981"},{"taxonomy":"post_tag","embeddable":true,"href":"https:\/\/elinformante.mx\/index.php?rest_route=%2Fwp%2Fv2%2Ftags&post=91981"}],"curies":[{"name":"wp","href":"https:\/\/api.w.org\/{rel}","templated":true}]}}