{"id":91987,"date":"2025-09-02T05:20:43","date_gmt":"2025-09-02T11:20:43","guid":{"rendered":"https:\/\/elinformante.mx\/?p=91987"},"modified":"2025-09-02T05:20:46","modified_gmt":"2025-09-02T11:20:46","slug":"municipios-mexiquenses-de-la-zmvm-contemplados-para-vivienda-digna-y-servicios-publicos","status":"publish","type":"post","link":"https:\/\/elinformante.mx\/?p=91987","title":{"rendered":"Municipios mexiquenses de la ZMVM contemplados para vivienda digna y servicios p\u00fablicos"},"content":{"rendered":"\n<figure class=\"wp-block-pullquote\"><blockquote><p>-59 municipios mexiquenses forman parte de la Zona Metropolitana del Valle de M\u00e9xico.<\/p><\/blockquote><\/figure>\n\n\n\n<p class=\"has-drop-cap\">El Gobierno de la Maestra Delfina G\u00f3mez \u00c1lvarez trabaja para que la planeaci\u00f3n metropolitana garantice vivienda digna, servicios p\u00fablicos y mejor calidad de vida a m\u00e1s de 22 millones de personas. A trav\u00e9s del Consejo de Desarrollo Metropolitano del Valle de M\u00e9xico, se busca alinear el crecimiento urbano con las oportunidades de educaci\u00f3n, empleo y conectividad.<br><\/p>\n\n\n\n<p>Tania Mart\u00ednez Garc\u00eda, Subsecretaria de Desarrollo Urbano del Estado de M\u00e9xico, subray\u00f3 que 59 municipios mexiquenses \u2014casi el 50% de toda la entidad\u2014 forman parte de la Zona Metropolitana del Valle de M\u00e9xico (ZMVM), por lo que resulta indispensable que sus necesidades y prioridades se integren en el Programa de Ordenaci\u00f3n (POZMVM). Esto permitir\u00e1 avanzar hacia un desarrollo m\u00e1s equitativo, sustentable y con servicios p\u00fablicos garantizados.<br><\/p>\n\n\n\n<p>Coordinado por la SEDATU, el POZMVM involucra a 84 municipios y alcald\u00edas de EdoM\u00e9x, Hidalgo, Morelos y la Ciudad de M\u00e9xico. En sus m\u00e1s recientes sesiones, realizadas en Tlalnepantla y Cuernavaca, se presentaron diagn\u00f3sticos y proyectos estrat\u00e9gicos en infraestructura, espacio p\u00fablico, movilidad, turismo y cultura. \u201cEl aporte de cada entidad es vital para reducir desigualdades y fortalecer la gobernanza en la zona metropolitana m\u00e1s grande del pa\u00eds\u201d, recalc\u00f3 Mart\u00ednez Garc\u00eda.<\/p>\n","protected":false},"excerpt":{"rendered":"<p>-59 municipios mexiquenses forman parte de la Zona Metropolitana del Valle de M\u00e9xico. El Gobierno de la Maestra Delfina G\u00f3mez \u00c1lvarez trabaja para que la planeaci\u00f3n metropolitana garantice vivienda digna, servicios p\u00fablicos y mejor calidad de vida a m\u00e1s de 22 millones de personas. A trav\u00e9s del Consejo de Desarrollo Metropolitano del Valle de M\u00e9xico, [&hellip;]<\/p>\n","protected":false},"author":1,"featured_media":91988,"comment_status":"closed","ping_status":"closed","sticky":false,"template":"","format":"standard","meta":{"footnotes":""},"categories":[36],"tags":[],"class_list":["post-91987","post","type-post","status-publish","format-standard","has-post-thumbnail","hentry","category-edomex"],"_links":{"self":[{"href":"https:\/\/elinformante.mx\/index.php?rest_route=\/wp\/v2\/posts\/91987","targetHints":{"allow":["GET"]}}],"collection":[{"href":"https:\/\/elinformante.mx\/index.php?rest_route=\/wp\/v2\/posts"}],"about":[{"href":"https:\/\/elinformante.mx\/index.php?rest_route=\/wp\/v2\/types\/post"}],"author":[{"embeddable":true,"href":"https:\/\/elinformante.mx\/index.php?rest_route=\/wp\/v2\/users\/1"}],"replies":[{"embeddable":true,"href":"https:\/\/elinformante.mx\/index.php?rest_route=%2Fwp%2Fv2%2Fcomments&post=91987"}],"version-history":[{"count":0,"href":"https:\/\/elinformante.mx\/index.php?rest_route=\/wp\/v2\/posts\/91987\/revisions"}],"wp:featuredmedia":[{"embeddable":true,"href":"https:\/\/elinformante.mx\/index.php?rest_route=\/wp\/v2\/media\/91988"}],"wp:attachment":[{"href":"https:\/\/elinformante.mx\/index.php?rest_route=%2Fwp%2Fv2%2Fmedia&parent=91987"}],"wp:term":[{"taxonomy":"category","embeddable":true,"href":"https:\/\/elinformante.mx\/index.php?rest_route=%2Fwp%2Fv2%2Fcategories&post=91987"},{"taxonomy":"post_tag","embeddable":true,"href":"https:\/\/elinformante.mx\/index.php?rest_route=%2Fwp%2Fv2%2Ftags&post=91987"}],"curies":[{"name":"wp","href":"https:\/\/api.w.org\/{rel}","templated":true}]}}