{"id":91991,"date":"2025-09-02T05:28:09","date_gmt":"2025-09-02T11:28:09","guid":{"rendered":"https:\/\/elinformante.mx\/?p=91991"},"modified":"2025-09-02T05:28:12","modified_gmt":"2025-09-02T11:28:12","slug":"presenta-ana-muniz-neyra-programa-unidos-por-la-juventud-en-san-mateo-atenco","status":"publish","type":"post","link":"https:\/\/elinformante.mx\/?p=91991","title":{"rendered":"Presenta Ana Mu\u00f1iz Neyra programa \u201cUnidos por la Juventud\u201d en San Mateo Atenco"},"content":{"rendered":"\n<figure class=\"wp-block-pullquote\"><blockquote><p>-La presidenta Ana Mu\u00f1iz Neyra inform\u00f3 tambi\u00e9n acciones en materia de salud mental, educaci\u00f3n, deporte y bienestar, con el objetivo de fortalecer las oportunidades para las y los j\u00f3venes atenquenses.<\/p><\/blockquote><\/figure>\n\n\n\n<p class=\"has-drop-cap\">En el marco de la trig\u00e9sima cuarta sesi\u00f3n ordinaria de Cabildo, realizada en su modalidad de Cabildo Juvenil, la presidenta municipal, Ana Aurora Mu\u00f1iz Neyra, present\u00f3 la convocatoria del Programa \u201cUnidos por la Juventud\u201d, una iniciativa que busca brindar a las juventudes atenquenses accesos preferenciales a bienes, servicios y productos locales mediante una tarjeta de beneficios.<br><\/p>\n\n\n\n<p>El programa, con cobertura en todo el municipio, est\u00e1 dirigido a j\u00f3venes de 15 a 29 a\u00f1os y permitir\u00e1 acceder a descuentos y beneficios en unidades econ\u00f3micas participantes, fortaleciendo al mismo tiempo la econom\u00eda familiar y el desarrollo socioecon\u00f3mico local.<br><\/p>\n\n\n\n<p>\u201cCon este programa queremos que nuestras juventudes tengan m\u00e1s y mejores oportunidades, que sientan el respaldo de su gobierno en la construcci\u00f3n de un futuro con bienestar, inclusi\u00f3n y desarrollo pleno\u201d, afirm\u00f3 la alcaldesa.<br><\/p>\n\n\n\n<p>En esta Sesi\u00f3n de Cabildo participaron j\u00f3venes representantes de los distintos sectores sociales, se discutieron temas como los derechos de las juventudes y de las mujeres, la perspectiva de g\u00e9nero, la diversidad, la inclusi\u00f3n, la salud mental y el bienestar de las y los j\u00f3venes.<br><\/p>\n\n\n\n<p>Mu\u00f1iz Neyra anunci\u00f3 la reducci\u00f3n de los \u00edndices de embarazo adolescente, mediante campa\u00f1as de prevenci\u00f3n y actividades de acompa\u00f1amiento a trav\u00e9s del programa \u201cUnidas S\u00ed\u201d, e inform\u00f3 los nuevos servicios de atenci\u00f3n psicol\u00f3gica gratuita a trav\u00e9s de la Unidad de Atenci\u00f3n a las Adicciones y la Salud Mental.<br><\/p>\n\n\n\n<p>Expres\u00f3 su compromiso con el fortalecimiento del Instituto de Atenci\u00f3n a la Juventud atenquense y la entrega de apoyos a deportistas destacados mediante un sistema de becas permanentes, para garantizar su participaci\u00f3n en competencias nacionales e internacionales.<br><\/p>\n\n\n\n<p>En esta ocasi\u00f3n el Cabildo de San Mateo Atenco reconoci\u00f3 tambi\u00e9n a los atletas Valeria Flores Jim\u00e9nez, ganadora de la medalla de plata en la disciplina de marcha femenil, en los Juegos Panamericanos Asunci\u00f3n 2025, y Brandon P\u00e9rez Vilchis, ganador de la medalla de bronce, en los 20 mil metros de marcha varonil, en la misma justa deportiva.<br><\/p>\n\n\n\n<p>Mu\u00f1iz Neyra resalt\u00f3 que su gobierno continuar\u00e1 generando espacios de participaci\u00f3n juvenil y programas que atiendan sus necesidades.<br><\/p>\n\n\n\n<p>\u201cQueremos que nuestros j\u00f3venes tengan voz, respaldo y oportunidades reales. Unidos por la Juventud es un paso firme en esa direcci\u00f3n, porque su presente y futuro son prioridad para San Mateo Atenco\u201d, concluy\u00f3.<\/p>\n","protected":false},"excerpt":{"rendered":"<p>-La presidenta Ana Mu\u00f1iz Neyra inform\u00f3 tambi\u00e9n acciones en materia de salud mental, educaci\u00f3n, deporte y bienestar, con el objetivo de fortalecer las oportunidades para las y los j\u00f3venes atenquenses. En el marco de la trig\u00e9sima cuarta sesi\u00f3n ordinaria de Cabildo, realizada en su modalidad de Cabildo Juvenil, la presidenta municipal, Ana Aurora Mu\u00f1iz Neyra, [&hellip;]<\/p>\n","protected":false},"author":1,"featured_media":91992,"comment_status":"closed","ping_status":"closed","sticky":false,"template":"","format":"standard","meta":{"footnotes":""},"categories":[36],"tags":[],"class_list":["post-91991","post","type-post","status-publish","format-standard","has-post-thumbnail","hentry","category-edomex"],"_links":{"self":[{"href":"https:\/\/elinformante.mx\/index.php?rest_route=\/wp\/v2\/posts\/91991","targetHints":{"allow":["GET"]}}],"collection":[{"href":"https:\/\/elinformante.mx\/index.php?rest_route=\/wp\/v2\/posts"}],"about":[{"href":"https:\/\/elinformante.mx\/index.php?rest_route=\/wp\/v2\/types\/post"}],"author":[{"embeddable":true,"href":"https:\/\/elinformante.mx\/index.php?rest_route=\/wp\/v2\/users\/1"}],"replies":[{"embeddable":true,"href":"https:\/\/elinformante.mx\/index.php?rest_route=%2Fwp%2Fv2%2Fcomments&post=91991"}],"version-history":[{"count":0,"href":"https:\/\/elinformante.mx\/index.php?rest_route=\/wp\/v2\/posts\/91991\/revisions"}],"wp:featuredmedia":[{"embeddable":true,"href":"https:\/\/elinformante.mx\/index.php?rest_route=\/wp\/v2\/media\/91992"}],"wp:attachment":[{"href":"https:\/\/elinformante.mx\/index.php?rest_route=%2Fwp%2Fv2%2Fmedia&parent=91991"}],"wp:term":[{"taxonomy":"category","embeddable":true,"href":"https:\/\/elinformante.mx\/index.php?rest_route=%2Fwp%2Fv2%2Fcategories&post=91991"},{"taxonomy":"post_tag","embeddable":true,"href":"https:\/\/elinformante.mx\/index.php?rest_route=%2Fwp%2Fv2%2Ftags&post=91991"}],"curies":[{"name":"wp","href":"https:\/\/api.w.org\/{rel}","templated":true}]}}