{"id":91993,"date":"2025-09-02T05:37:39","date_gmt":"2025-09-02T11:37:39","guid":{"rendered":"https:\/\/elinformante.mx\/?p=91993"},"modified":"2025-09-02T05:38:17","modified_gmt":"2025-09-02T11:38:17","slug":"adolfo-solis-presenta-el-programa-de-festejos-patrios-de-almoloya-de-juarez","status":"publish","type":"post","link":"https:\/\/elinformante.mx\/?p=91993","title":{"rendered":"Adolfo Sol\u00eds presenta el programa de festejos patrios de Almoloya de Ju\u00e1rez"},"content":{"rendered":"\n<figure class=\"wp-block-pullquote\"><blockquote><p>-Se realizar\u00e1n del 13 al 20 de septiembre, con actividades como una cabalgata, espect\u00e1culo de pirotecnia, presentaciones musicales, juego de futbol de veteranos del Toluca, y m\u00e1s.<\/p><\/blockquote><\/figure>\n\n\n\n<p class=\"has-drop-cap\">En el municipio de Almoloya de Ju\u00e1rez se vivir\u00e1n las fiestas patrias con una agenda repleta, en donde se combinar\u00e1 tradici\u00f3n, cultura y m\u00fasica; se tiene prevista la afluencia de al menos 50 mil visitantes; adem\u00e1s de una derrama econ\u00f3mica de por lo menos hasta 50 millones de pesos.<br><\/p>\n\n\n\n<p>As\u00ed lo dio a conocer el presidente municipal, Adolfo Solis G\u00f3mez, qui\u00e9n durante una rueda de prensa, en donde estuvo acompa\u00f1ado por la presidenta honoraria del DIF municipal, Thal\u00eda Sol\u00eds, as\u00ed como por los directores de Seguridad, Protecci\u00f3n Civil y del Sistema DIF.<br><\/p>\n\n\n\n<p>Se\u00f1al\u00f3 Sol\u00eds G\u00f3mez que se contempla que las celebraciones comenzar\u00e1n el 13 de septiembre; empezando con la coronaci\u00f3n de la reina de las fiestas patrias; mientras que para el d\u00eda 14 de septeimbre, se ha pensado realizar una gran cabalgata de 20 kil\u00f3metros en donde estar\u00e1n participando alrededor de 1200 jinetes, teniendo la participaci\u00f3n especial del int\u00e9rprete Beto Pe\u00f1a.<br><\/p>\n\n\n\n<p>Enfatiz\u00f3 que para el d\u00eda 15 de septiembre, tendr\u00e1 lugar el grito de Independencia; este evento contar\u00e1 con la presentaci\u00f3n de La Banda que Hac\u00eda Falta; adem\u00e1s se llevar\u00e1 a cabo la premiaci\u00f3n y exhibici\u00f3n de bandas.<br><\/p>\n\n\n\n<figure class=\"wp-block-image size-large\"><img fetchpriority=\"high\" decoding=\"async\" width=\"1024\" height=\"506\" src=\"https:\/\/elinformante.mx\/wp-content\/uploads\/2025\/09\/11ALMO-1024x506.jpg\" alt=\"\" class=\"wp-image-91996\" srcset=\"https:\/\/elinformante.mx\/wp-content\/uploads\/2025\/09\/11ALMO-1024x506.jpg 1024w, https:\/\/elinformante.mx\/wp-content\/uploads\/2025\/09\/11ALMO-300x148.jpg 300w, https:\/\/elinformante.mx\/wp-content\/uploads\/2025\/09\/11ALMO-768x379.jpg 768w, https:\/\/elinformante.mx\/wp-content\/uploads\/2025\/09\/11ALMO.jpg 1140w\" sizes=\"(max-width: 1024px) 100vw, 1024px\" \/><\/figure>\n\n\n\n<p>Al siguiente d\u00eda, el 16 de septiembre se llevar\u00e1 a cabo el tradicional desfile c\u00edvico; tambi\u00e9n se contempla tener un partido de exhibici\u00f3n con las Leyendas del Toluca, un torneo de rentoy y la presentaci\u00f3n de la banda Aires del Pac\u00edfico, todo esto ocurrir\u00e1 en los campos de futbol de la cabecera.<br><\/p>\n\n\n\n<p>Y para el d\u00eda 17 de septiembre, se ha programado la carrera de cintas; adem\u00e1s de contar con un baile de gala en el auditorio municipal, tambi\u00e9n se contar\u00e1 con el espect\u00e1culo musical de Koktel; para el d\u00eda el 18 de septiembre, se tiene previsto realizar una comida campestre y las festividades cerrar\u00e1n el d\u00eda 20 de septiembre con la celebraci\u00f3n de las tradiciones carreras de cintas infantiles.<br><\/p>\n\n\n\n<p>Inform\u00f3 Sol\u00eds G\u00f3mez que la para salvaguardar la seguridad de los asistentes, se ha dise\u00f1ado un operativo de seguridad en coordinaci\u00f3n con la polic\u00eda municipal, la polic\u00eda estatal, la Guardia Nacional y la Secretar\u00eda de la Defensa Nacional, todo con el objetivo de garantizar un ambiente seguro para las familias.<br><\/p>\n\n\n\n<p>\u201cLo que queremos es que sepan que estamos organizando operativos para que los festejos se desarrollen en paz, como ocurri\u00f3 en marzo, cuando se report\u00f3 saldo blanco\u201d, asegur\u00f3.<\/p>\n","protected":false},"excerpt":{"rendered":"<p>-Se realizar\u00e1n del 13 al 20 de septiembre, con actividades como una cabalgata, espect\u00e1culo de pirotecnia, presentaciones musicales, juego de futbol de veteranos del Toluca, y m\u00e1s. En el municipio de Almoloya de Ju\u00e1rez se vivir\u00e1n las fiestas patrias con una agenda repleta, en donde se combinar\u00e1 tradici\u00f3n, cultura y m\u00fasica; se tiene prevista la [&hellip;]<\/p>\n","protected":false},"author":1,"featured_media":91994,"comment_status":"closed","ping_status":"closed","sticky":false,"template":"","format":"standard","meta":{"footnotes":""},"categories":[30,36],"tags":[],"class_list":["post-91993","post","type-post","status-publish","format-standard","has-post-thumbnail","hentry","category-destacado","category-edomex"],"_links":{"self":[{"href":"https:\/\/elinformante.mx\/index.php?rest_route=\/wp\/v2\/posts\/91993","targetHints":{"allow":["GET"]}}],"collection":[{"href":"https:\/\/elinformante.mx\/index.php?rest_route=\/wp\/v2\/posts"}],"about":[{"href":"https:\/\/elinformante.mx\/index.php?rest_route=\/wp\/v2\/types\/post"}],"author":[{"embeddable":true,"href":"https:\/\/elinformante.mx\/index.php?rest_route=\/wp\/v2\/users\/1"}],"replies":[{"embeddable":true,"href":"https:\/\/elinformante.mx\/index.php?rest_route=%2Fwp%2Fv2%2Fcomments&post=91993"}],"version-history":[{"count":0,"href":"https:\/\/elinformante.mx\/index.php?rest_route=\/wp\/v2\/posts\/91993\/revisions"}],"wp:featuredmedia":[{"embeddable":true,"href":"https:\/\/elinformante.mx\/index.php?rest_route=\/wp\/v2\/media\/91994"}],"wp:attachment":[{"href":"https:\/\/elinformante.mx\/index.php?rest_route=%2Fwp%2Fv2%2Fmedia&parent=91993"}],"wp:term":[{"taxonomy":"category","embeddable":true,"href":"https:\/\/elinformante.mx\/index.php?rest_route=%2Fwp%2Fv2%2Fcategories&post=91993"},{"taxonomy":"post_tag","embeddable":true,"href":"https:\/\/elinformante.mx\/index.php?rest_route=%2Fwp%2Fv2%2Ftags&post=91993"}],"curies":[{"name":"wp","href":"https:\/\/api.w.org\/{rel}","templated":true}]}}