{"id":91995,"date":"2025-09-02T05:41:03","date_gmt":"2025-09-02T11:41:03","guid":{"rendered":"https:\/\/elinformante.mx\/?p=91995"},"modified":"2025-09-02T05:41:05","modified_gmt":"2025-09-02T11:41:05","slug":"ieem-llevo-a-cabo-el-congreso-mujeres-y-poder-espacio-para-reflexionar-sobre-democracia-y-genero","status":"publish","type":"post","link":"https:\/\/elinformante.mx\/?p=91995","title":{"rendered":"IEEM llev\u00f3 a cabo el congreso \u201cMujeres y Poder\u201d, espacio para reflexionar sobre democracia y g\u00e9nero"},"content":{"rendered":"\n<figure class=\"wp-block-pullquote\"><blockquote><p>-El primer d\u00eda de actividades se llev\u00f3 a cabo en las instalaciones de El Colegio Mexiquense y el segundo ser\u00e1 en la sede del IEEM.<\/p><\/blockquote><\/figure>\n\n\n\n<p class=\"has-drop-cap\">Las Consejeras Electorales del Instituto Electoral del Estado de M\u00e9xico (IEEM), Karina Ivonne Vaquera Montoya, Sayonara Flores Palacios y July Erika Armenta Paulino, participaron en la inauguraci\u00f3n del Congreso: Mujeres y poder. G\u00e9nero, ideas, espacios y pr\u00e1cticas del poder pol\u00edtico desde los feminismos, y el Segundo Encuentro de Acad\u00e9micas Feministas.<br><\/p>\n\n\n\n<p>Este esfuerzo acad\u00e9mico fue organizado de manera conjunta por el IEEM; El Colegio Mexiquense; la Facultad de Ciencias Pol\u00edticas y Sociales de la Universidad Aut\u00f3noma del Estado de M\u00e9xico (UAEM\u00e9x); la Comisi\u00f3n de Derechos Humanos del Estado de M\u00e9xico (CODHEM) y la Red de Acad\u00e9micas Feministas.<br><\/p>\n\n\n\n<p>Durante su intervenci\u00f3n, la titular de la Unidad Coordinadora de G\u00e9nero (UCG) del IEEM, Susana Munguia Fern\u00e1ndez, en representaci\u00f3n de la Consejera Presidenta Amalia Pulido G\u00f3mez, destac\u00f3 que estos encuentros de reflexi\u00f3n fortalecen el an\u00e1lisis de la democracia, el poder y la participaci\u00f3n de las mujeres en la pol\u00edtica.<br><\/p>\n\n\n\n<p>Subray\u00f3 que la sinergia con la Red de Acad\u00e9micas Feministas permite abrir jornadas de di\u00e1logo y conversaci\u00f3n feminista que, a partir de las investigaciones y puntos de vista de mujeres y hombres, estudiosos en materia de g\u00e9nero, pueden traducirse en pol\u00edticas p\u00fablicas y decisiones que impacten en la sociedad.<br><\/p>\n\n\n\n<p>Miguel Adolfo Guajardo Mendoza, Secretario General de El Colegio Mexiquense, se\u00f1al\u00f3 que el foro busca ofrecer un espacio acad\u00e9mico horizontal para compartir avances de investigaci\u00f3n, experiencias institucionales y de la sociedad civil, en torno a la participaci\u00f3n pol\u00edtica de las mujeres y el ejercicio del poder desde una perspectiva feminista y de g\u00e9nero.<br><\/p>\n\n\n\n<p>Reconoci\u00f3 que la riqueza del encuentro radica en la participaci\u00f3n de colectivas, investigadoras e investigadores provenientes de distintas entidades del pa\u00eds y de Am\u00e9rica Latina, como: Nayarit; Hidalgo; Tlaxcala; Ciudad de M\u00e9xico; Baja California; Veracruz; Guanajuato y Quer\u00e9taro.<br><\/p>\n\n\n\n<p>Cabe destacar que la jornada acad\u00e9mica se desarrollar\u00e1 en dos sedes: la apertura de actividades, se llev\u00f3 a cabo en las instalaciones de El Colegio Mexiquense y el segundo ser\u00e1 en la sede del IEEM.<\/p>\n","protected":false},"excerpt":{"rendered":"<p>-El primer d\u00eda de actividades se llev\u00f3 a cabo en las instalaciones de El Colegio Mexiquense y el segundo ser\u00e1 en la sede del IEEM. Las Consejeras Electorales del Instituto Electoral del Estado de M\u00e9xico (IEEM), Karina Ivonne Vaquera Montoya, Sayonara Flores Palacios y July Erika Armenta Paulino, participaron en la inauguraci\u00f3n del Congreso: Mujeres [&hellip;]<\/p>\n","protected":false},"author":1,"featured_media":91997,"comment_status":"closed","ping_status":"closed","sticky":false,"template":"","format":"standard","meta":{"footnotes":""},"categories":[36],"tags":[],"class_list":["post-91995","post","type-post","status-publish","format-standard","has-post-thumbnail","hentry","category-edomex"],"_links":{"self":[{"href":"https:\/\/elinformante.mx\/index.php?rest_route=\/wp\/v2\/posts\/91995","targetHints":{"allow":["GET"]}}],"collection":[{"href":"https:\/\/elinformante.mx\/index.php?rest_route=\/wp\/v2\/posts"}],"about":[{"href":"https:\/\/elinformante.mx\/index.php?rest_route=\/wp\/v2\/types\/post"}],"author":[{"embeddable":true,"href":"https:\/\/elinformante.mx\/index.php?rest_route=\/wp\/v2\/users\/1"}],"replies":[{"embeddable":true,"href":"https:\/\/elinformante.mx\/index.php?rest_route=%2Fwp%2Fv2%2Fcomments&post=91995"}],"version-history":[{"count":0,"href":"https:\/\/elinformante.mx\/index.php?rest_route=\/wp\/v2\/posts\/91995\/revisions"}],"wp:featuredmedia":[{"embeddable":true,"href":"https:\/\/elinformante.mx\/index.php?rest_route=\/wp\/v2\/media\/91997"}],"wp:attachment":[{"href":"https:\/\/elinformante.mx\/index.php?rest_route=%2Fwp%2Fv2%2Fmedia&parent=91995"}],"wp:term":[{"taxonomy":"category","embeddable":true,"href":"https:\/\/elinformante.mx\/index.php?rest_route=%2Fwp%2Fv2%2Fcategories&post=91995"},{"taxonomy":"post_tag","embeddable":true,"href":"https:\/\/elinformante.mx\/index.php?rest_route=%2Fwp%2Fv2%2Ftags&post=91995"}],"curies":[{"name":"wp","href":"https:\/\/api.w.org\/{rel}","templated":true}]}}