{"id":91998,"date":"2025-09-02T05:45:50","date_gmt":"2025-09-02T11:45:50","guid":{"rendered":"https:\/\/elinformante.mx\/?p=91998"},"modified":"2025-09-02T05:46:14","modified_gmt":"2025-09-02T11:46:14","slug":"regresaran-a-clases-cuatro-facultades-mas-de-la-uaemex","status":"publish","type":"post","link":"https:\/\/elinformante.mx\/?p=91998","title":{"rendered":"Regresar\u00e1n a clases cuatro facultades m\u00e1s de la UAEM\u00e9x"},"content":{"rendered":"\n<figure class=\"wp-block-pullquote\"><blockquote><p>Ser\u00e1 el pr\u00f3ximo lunes 8 de septiembre cuando regresen al 100% de sus actividades.<\/p><\/blockquote><\/figure>\n\n\n\n<p class=\"has-drop-cap\">Se inform\u00f3 que las Facultades de Econom\u00eda, Derecho, Artes, Turismo y Gastronom\u00eda, de la Universidad Aut\u00f3noma del Estado de M\u00e9xico (UAEM\u00e9x), regresar\u00e1n a clases presenciales este martes 2 de septiembre. Estos espacios acad\u00e9micos se suman a la reanudaci\u00f3n de actividades en la Ciudad Universitaria. La Facultad de Geograf\u00eda anunci\u00f3 que las instalaciones fueron entregadas este d\u00eda por la autodenominada Asamblea Geo a las autoridades, sin embargo, las clases presenciales, as\u00ed como diversos procesos administrativos, como control escolar, titulaci\u00f3n y servicio social, entre otros, iniciar\u00e1n al 100% ciento hasta el lunes 8 de septiembre.<br><\/p>\n\n\n\n<p>Del 2 al 5 de septiembre se considerar\u00e1 como un periodo de transici\u00f3n hacia la presencialidad, durante el cual se habilitar\u00e1n al m\u00e1ximo nivel posible los servicios y espacios, incluyendo el acceso a internet, as\u00ed como la limpieza de aulas, sanitarios y \u00e1reas comunes, por lo que se retomar\u00e1 la actividad presencial, en un primer momento, para el personal administrativo y de mantenimiento.<br><\/p>\n\n\n\n<p>Ya suman 6 de 10 Facultades ubicadas en Ciudad Universitaria (CU) liberadas por los paristas que las manten\u00edan en su poder desde hace casi cuatro meses.<br><\/p>\n\n\n\n<p>Las Facultades todav\u00eda ocupadas por paristas, donde a\u00fan hay mesas de negociaciones, son Ingenier\u00eda, Humanidades, Arquitectura y Dise\u00f1o, y Contadur\u00eda y Administraci\u00f3n.<br><\/p>\n\n\n\n<p>La rectora de la M\u00e1xima Casa de Estudios de la entidad, Martha Patricia Zarza Delgado, asegur\u00f3 que las reuniones con las organizaciones estudiantiles de las facultades que contin\u00faan en paro de actividades van avanzando para que estos espacios puedan ser liberados.<br><\/p>\n\n\n\n<p>Indic\u00f3 que est\u00e1n dando seguimiento a las peticiones estudiantiles y las autoridades universitarias est\u00e1n cumpliendo poco a poco los acuerdos, por lo que en la medida que se perciba la buena disposici\u00f3n para poder cumplir con lo que ellos est\u00e1n solicitando, se van a ir generando las condiciones para el regreso presencial.<\/p>\n","protected":false},"excerpt":{"rendered":"<p>Ser\u00e1 el pr\u00f3ximo lunes 8 de septiembre cuando regresen al 100% de sus actividades. Se inform\u00f3 que las Facultades de Econom\u00eda, Derecho, Artes, Turismo y Gastronom\u00eda, de la Universidad Aut\u00f3noma del Estado de M\u00e9xico (UAEM\u00e9x), regresar\u00e1n a clases presenciales este martes 2 de septiembre. Estos espacios acad\u00e9micos se suman a la reanudaci\u00f3n de actividades en [&hellip;]<\/p>\n","protected":false},"author":1,"featured_media":91999,"comment_status":"closed","ping_status":"closed","sticky":false,"template":"","format":"standard","meta":{"footnotes":""},"categories":[30,36],"tags":[],"class_list":["post-91998","post","type-post","status-publish","format-standard","has-post-thumbnail","hentry","category-destacado","category-edomex"],"_links":{"self":[{"href":"https:\/\/elinformante.mx\/index.php?rest_route=\/wp\/v2\/posts\/91998","targetHints":{"allow":["GET"]}}],"collection":[{"href":"https:\/\/elinformante.mx\/index.php?rest_route=\/wp\/v2\/posts"}],"about":[{"href":"https:\/\/elinformante.mx\/index.php?rest_route=\/wp\/v2\/types\/post"}],"author":[{"embeddable":true,"href":"https:\/\/elinformante.mx\/index.php?rest_route=\/wp\/v2\/users\/1"}],"replies":[{"embeddable":true,"href":"https:\/\/elinformante.mx\/index.php?rest_route=%2Fwp%2Fv2%2Fcomments&post=91998"}],"version-history":[{"count":0,"href":"https:\/\/elinformante.mx\/index.php?rest_route=\/wp\/v2\/posts\/91998\/revisions"}],"wp:featuredmedia":[{"embeddable":true,"href":"https:\/\/elinformante.mx\/index.php?rest_route=\/wp\/v2\/media\/91999"}],"wp:attachment":[{"href":"https:\/\/elinformante.mx\/index.php?rest_route=%2Fwp%2Fv2%2Fmedia&parent=91998"}],"wp:term":[{"taxonomy":"category","embeddable":true,"href":"https:\/\/elinformante.mx\/index.php?rest_route=%2Fwp%2Fv2%2Fcategories&post=91998"},{"taxonomy":"post_tag","embeddable":true,"href":"https:\/\/elinformante.mx\/index.php?rest_route=%2Fwp%2Fv2%2Ftags&post=91998"}],"curies":[{"name":"wp","href":"https:\/\/api.w.org\/{rel}","templated":true}]}}