{"id":92000,"date":"2025-09-02T05:48:39","date_gmt":"2025-09-02T11:48:39","guid":{"rendered":"https:\/\/elinformante.mx\/?p=92000"},"modified":"2025-09-02T05:48:47","modified_gmt":"2025-09-02T11:48:47","slug":"gem-impulsa-lactancia-materna-con-2810-asesorias-y-capacitaciones-sobre-cuidados-a-recien-nacidos","status":"publish","type":"post","link":"https:\/\/elinformante.mx\/?p=92000","title":{"rendered":"GEM impulsa lactancia materna con 2,810 asesor\u00edas y capacitaciones sobre cuidados a reci\u00e9n nacidos"},"content":{"rendered":"\n<figure class=\"wp-block-pullquote\"><blockquote><p>-Brinda Secretar\u00eda de Salud 1320 asesor\u00edas y mil 490 capacitaciones del 1 al 31 de agosto de 2025 en unidades m\u00e9dicas p\u00fablicas.<\/p><\/blockquote><\/figure>\n\n\n\n<p class=\"has-drop-cap\">Para promover la alimentaci\u00f3n con leche materna, durante agosto, la Secretar\u00eda de Salud del Gobierno del Estado de M\u00e9xico brind\u00f3 mil 320 asesor\u00edas y mil 490 capacitaciones en las unidades m\u00e9dicas p\u00fablicas.<br><\/p>\n\n\n\n<p>Adem\u00e1s, realiz\u00f3 en el Centro Cultural Casa de las Diligencias de la Universidad Aut\u00f3noma del Estado de M\u00e9xico (UAEM\u00e9x), el Festival de la Lactancia Materna, bajo el lema \u201cAmamantar cuida el medio ambiente. \u00a1Un peque\u00f1o gesto, grandes cambios!\u201d, donde capacit\u00f3 a 500 mujeres sobre lactancia y nutrici\u00f3n.<br><\/p>\n\n\n\n<p>Macarena Montoya Olvera, titular de salud estatal, destac\u00f3 la importancia de esta pr\u00e1ctica para prevenir enfermedades; adem\u00e1s de ser un derecho de las y los ni\u00f1os mexiquenses recibir esta alimentaci\u00f3n.<br><\/p>\n\n\n\n<p>Se\u00f1al\u00f3 tambi\u00e9n que reduce los costos de cuidados, ya que los sustitutos de leche tienen altos precios y provocan da\u00f1os al medio ambiente por el procesamiento industrial y las latas que se ocupan para estos productos.<br><\/p>\n\n\n\n<p>En este evento estuvo como invitada, Martha Patricia Zarza Delgado, Rectora de la UAEM\u00e9x, quien refiri\u00f3 que la m\u00e1xima casa de estudios mexiquense ha incorporado la Secretar\u00eda de Igualdad Sustantiva y Cuidados, para favorecer la salud de la comunidad universitaria; as\u00ed como fomentar el derecho a tener espacios dignos para amamantar o extraer leche humana, licencias laborales y contar con informaci\u00f3n cient\u00edfica y redes de apoyo para la lactancia.<br><\/p>\n\n\n\n<p>El festival cont\u00f3 tambi\u00e9n con actividades culturales como ballet, cuentacuentos, danza, exposiciones de fotograf\u00eda y dibujo; as\u00ed como venta de productos artesanales y gastron\u00f3micos.<\/p>\n","protected":false},"excerpt":{"rendered":"<p>-Brinda Secretar\u00eda de Salud 1320 asesor\u00edas y mil 490 capacitaciones del 1 al 31 de agosto de 2025 en unidades m\u00e9dicas p\u00fablicas. Para promover la alimentaci\u00f3n con leche materna, durante agosto, la Secretar\u00eda de Salud del Gobierno del Estado de M\u00e9xico brind\u00f3 mil 320 asesor\u00edas y mil 490 capacitaciones en las unidades m\u00e9dicas p\u00fablicas. Adem\u00e1s, [&hellip;]<\/p>\n","protected":false},"author":1,"featured_media":92001,"comment_status":"closed","ping_status":"closed","sticky":false,"template":"","format":"standard","meta":{"footnotes":""},"categories":[36],"tags":[],"class_list":["post-92000","post","type-post","status-publish","format-standard","has-post-thumbnail","hentry","category-edomex"],"_links":{"self":[{"href":"https:\/\/elinformante.mx\/index.php?rest_route=\/wp\/v2\/posts\/92000","targetHints":{"allow":["GET"]}}],"collection":[{"href":"https:\/\/elinformante.mx\/index.php?rest_route=\/wp\/v2\/posts"}],"about":[{"href":"https:\/\/elinformante.mx\/index.php?rest_route=\/wp\/v2\/types\/post"}],"author":[{"embeddable":true,"href":"https:\/\/elinformante.mx\/index.php?rest_route=\/wp\/v2\/users\/1"}],"replies":[{"embeddable":true,"href":"https:\/\/elinformante.mx\/index.php?rest_route=%2Fwp%2Fv2%2Fcomments&post=92000"}],"version-history":[{"count":0,"href":"https:\/\/elinformante.mx\/index.php?rest_route=\/wp\/v2\/posts\/92000\/revisions"}],"wp:featuredmedia":[{"embeddable":true,"href":"https:\/\/elinformante.mx\/index.php?rest_route=\/wp\/v2\/media\/92001"}],"wp:attachment":[{"href":"https:\/\/elinformante.mx\/index.php?rest_route=%2Fwp%2Fv2%2Fmedia&parent=92000"}],"wp:term":[{"taxonomy":"category","embeddable":true,"href":"https:\/\/elinformante.mx\/index.php?rest_route=%2Fwp%2Fv2%2Fcategories&post=92000"},{"taxonomy":"post_tag","embeddable":true,"href":"https:\/\/elinformante.mx\/index.php?rest_route=%2Fwp%2Fv2%2Ftags&post=92000"}],"curies":[{"name":"wp","href":"https:\/\/api.w.org\/{rel}","templated":true}]}}