{"id":92004,"date":"2025-09-02T05:51:46","date_gmt":"2025-09-02T11:51:46","guid":{"rendered":"https:\/\/elinformante.mx\/?p=92004"},"modified":"2025-09-02T05:51:52","modified_gmt":"2025-09-02T11:51:52","slug":"acompana-delfina-gomez-a-la-presidenta-sheinbaum-en-su-primer-informe-de-gobierno","status":"publish","type":"post","link":"https:\/\/elinformante.mx\/?p=92004","title":{"rendered":"Acompa\u00f1a Delfina G\u00f3mez a la presidenta Sheinbaum en su Primer Informe de Gobierno"},"content":{"rendered":"\n<figure class=\"wp-block-pullquote\"><blockquote><p>-Estado de M\u00e9xico prioridad nacional con avances en seguridad, salud e infraestructura para la Presidenta Sheinbaum este primer a\u00f1o de Gobierno.<\/p><\/blockquote><\/figure>\n\n\n\n<p class=\"has-drop-cap\">La Gobernadora Delfina G\u00f3mez \u00c1lvarez acompa\u00f1\u00f3 a la Presidenta Claudia Sheinbaum Pardo en su Primer Informe de Gobierno, donde refrend\u00f3 el respaldo del Estado de M\u00e9xico al proyecto humanista y de soberan\u00eda que encabeza la mandataria federal.<br><\/p>\n\n\n\n<p>\u201cEs un honor haber acompa\u00f1ado a nuestra querida Presidenta en su Primer Informe de Gobierno, y su incansable trabajo por la transformaci\u00f3n es muestra clara de que seguimos llegando y transformando. Gracias, Presidenta, por defender a M\u00e9xico y nuestra soberan\u00eda. \u00a1La queremos mucho!\u201d, comparti\u00f3 Delfina G\u00f3mez.<br><\/p>\n\n\n\n<p>La Presidenta subray\u00f3 que el Estado de M\u00e9xico ha registrado una disminuci\u00f3n del 45% en el delito de homicidio doloso, resultado del trabajo coordinado con los gobiernos estatales.<br><\/p>\n\n\n\n<p>\u201cGracias, querida Presidenta Claudia Sheinbaum, por su apoyo al Edom\u00e9x. Cuente con nosotros para seguir trabajando por la salud, la seguridad y la transformaci\u00f3n de M\u00e9xico\u201d, indic\u00f3 la Gobernadora Delfina G\u00f3mez \u00c1lvarez.<br><\/p>\n\n\n\n<p>En su mensaje a la Naci\u00f3n, Claudia Sheinbaum destac\u00f3 al Estado de M\u00e9xico como pieza clave en la transformaci\u00f3n nacional, con obras estrat\u00e9gicas en salud, educaci\u00f3n e infraestructura: la nueva sede de la Universidad Rosario Castellanos en Naucalpan, hospitales en Atenco y Ecatepec, el programa \u201cLaboratorio en tu Cl\u00ednica\u201d en 606 Centros de Salud, as\u00ed como la conclusi\u00f3n del Tren Insurgente Lecher\u00eda-AIFA y proyectos de agua potable en el Valle de Lerma y la Zona Oriente.<\/p>\n","protected":false},"excerpt":{"rendered":"<p>-Estado de M\u00e9xico prioridad nacional con avances en seguridad, salud e infraestructura para la Presidenta Sheinbaum este primer a\u00f1o de Gobierno. La Gobernadora Delfina G\u00f3mez \u00c1lvarez acompa\u00f1\u00f3 a la Presidenta Claudia Sheinbaum Pardo en su Primer Informe de Gobierno, donde refrend\u00f3 el respaldo del Estado de M\u00e9xico al proyecto humanista y de soberan\u00eda que encabeza [&hellip;]<\/p>\n","protected":false},"author":1,"featured_media":92005,"comment_status":"closed","ping_status":"closed","sticky":false,"template":"","format":"standard","meta":{"footnotes":""},"categories":[30,36,31],"tags":[],"class_list":["post-92004","post","type-post","status-publish","format-standard","has-post-thumbnail","hentry","category-destacado","category-edomex","category-portada"],"_links":{"self":[{"href":"https:\/\/elinformante.mx\/index.php?rest_route=\/wp\/v2\/posts\/92004","targetHints":{"allow":["GET"]}}],"collection":[{"href":"https:\/\/elinformante.mx\/index.php?rest_route=\/wp\/v2\/posts"}],"about":[{"href":"https:\/\/elinformante.mx\/index.php?rest_route=\/wp\/v2\/types\/post"}],"author":[{"embeddable":true,"href":"https:\/\/elinformante.mx\/index.php?rest_route=\/wp\/v2\/users\/1"}],"replies":[{"embeddable":true,"href":"https:\/\/elinformante.mx\/index.php?rest_route=%2Fwp%2Fv2%2Fcomments&post=92004"}],"version-history":[{"count":0,"href":"https:\/\/elinformante.mx\/index.php?rest_route=\/wp\/v2\/posts\/92004\/revisions"}],"wp:featuredmedia":[{"embeddable":true,"href":"https:\/\/elinformante.mx\/index.php?rest_route=\/wp\/v2\/media\/92005"}],"wp:attachment":[{"href":"https:\/\/elinformante.mx\/index.php?rest_route=%2Fwp%2Fv2%2Fmedia&parent=92004"}],"wp:term":[{"taxonomy":"category","embeddable":true,"href":"https:\/\/elinformante.mx\/index.php?rest_route=%2Fwp%2Fv2%2Fcategories&post=92004"},{"taxonomy":"post_tag","embeddable":true,"href":"https:\/\/elinformante.mx\/index.php?rest_route=%2Fwp%2Fv2%2Ftags&post=92004"}],"curies":[{"name":"wp","href":"https:\/\/api.w.org\/{rel}","templated":true}]}}