{"id":92017,"date":"2025-09-02T06:11:17","date_gmt":"2025-09-02T12:11:17","guid":{"rendered":"https:\/\/elinformante.mx\/?p=92017"},"modified":"2025-09-02T06:11:18","modified_gmt":"2025-09-02T12:11:18","slug":"inicia-en-cdmx-el-programa-mes-del-testamento-durara-todo-septiembre","status":"publish","type":"post","link":"https:\/\/elinformante.mx\/?p=92017","title":{"rendered":"Inicia en CDMX el Programa \u201cMes del Testamento\u201d, durar\u00e1 todo septiembre"},"content":{"rendered":"\n<figure class=\"wp-block-pullquote\"><blockquote><p>-Habr\u00e1 muchos beneficios para la poblaci\u00f3n, entre ellos para los adultos mayores, quienes recibir\u00e1n descuentos para gastos notariales<\/p><\/blockquote><\/figure>\n\n\n\n<p class=\"has-drop-cap\">La Secretar\u00eda de Planeaci\u00f3n, Ordenamiento Territorial y Coordinaci\u00f3n Metropolitana (Metr\u00f3polis), a trav\u00e9s de la Direcci\u00f3n General de Regularizaci\u00f3n Territorial, inicia este d\u00eda el Programa \u201cSeptiembre, Mes del Testamento\u201d con el prop\u00f3sito de que las y los ciudadanos regularicen sus propiedades, tengan certeza jur\u00eddica sobre las mismas y no hereden problemas entre sus descendientes.<br><\/p>\n\n\n\n<p>Este Programa que arranca Metr\u00f3polis, que encabeza el secretario Alejandro Encinas, bajo la directriz de la Jefa de Gobierno de la Ciudad de M\u00e9xico, Clara Brugada Molina, est\u00e1 dirigido a ciudadanas y ciudadanos de la CDMX, a partir de los 16 a\u00f1os, personas que posean bienes inmuebles o alg\u00fan patrimonio familiar y familias y parejas que deseen proteger su patrimonio y planificar su futuro.<br><\/p>\n\n\n\n<p>Se pondr\u00e1 a disposici\u00f3n de la ciudadan\u00eda diversos mecanismos para facilitar los testamentos a menor costo, sobre todo, para las y los adultos mayores de 65 a\u00f1os,<br><\/p>\n\n\n\n<p>La DGRT dispondr\u00e1 del Testam\u00f3vil, una unidad vehicular que visita las colonias, llevando la posibilidad de realizar llevar a cabo este documento que brindar\u00e1 certeza jur\u00eddica a quien lo gestione y a sus familiares; asimismo, a trav\u00e9s del Testam\u00f3vil, se brindar\u00e1 orientaci\u00f3n y asesor\u00eda gratuita a la poblaci\u00f3n que as\u00ed lo solicite.<br><\/p>\n\n\n\n<p>La DGRT, es la encargada de tramitar este tipo de instrumentos jur\u00eddicos que no son engorrosos, sino f\u00e1ciles de realizar, y para ello, se orienta a la ciudadan\u00eda a trav\u00e9s de sus oficinas o con el Testam\u00f3vil, una unidad vehicular que realiza campa\u00f1as informativas en las colonias, donde se pueden tramitar los testamentos.<br><\/p>\n\n\n\n<p>La campa\u00f1a septiembre Mes del Testamento, facilitar\u00e1 el acceso a Notarios P\u00fablicos que ofrecen precios accesibles, con los que se podr\u00e1n iniciar los tr\u00e1mites testamentarios ante las oficinas de la DGRT, que se encuentran en la calle de Azafr\u00e1n n\u00famero 8, col. Granjas M\u00e9xico, alcald\u00eda Iztacalco.<br><\/p>\n\n\n\n<p>Cabe se\u00f1alar que todo el mes de septiembre, se considerar\u00e1n precios especiales para los adultos mayores de 65 a\u00f1os de edad, quienes podr\u00e1n obtener descuentos de hasta el 66% respecto a los precios b\u00e1sicos de los testamentos universales, lo que significa que solo pagar\u00e1n 707.13 pesos<\/p>\n","protected":false},"excerpt":{"rendered":"<p>-Habr\u00e1 muchos beneficios para la poblaci\u00f3n, entre ellos para los adultos mayores, quienes recibir\u00e1n descuentos para gastos notariales La Secretar\u00eda de Planeaci\u00f3n, Ordenamiento Territorial y Coordinaci\u00f3n Metropolitana (Metr\u00f3polis), a trav\u00e9s de la Direcci\u00f3n General de Regularizaci\u00f3n Territorial, inicia este d\u00eda el Programa \u201cSeptiembre, Mes del Testamento\u201d con el prop\u00f3sito de que las y los ciudadanos [&hellip;]<\/p>\n","protected":false},"author":1,"featured_media":92018,"comment_status":"closed","ping_status":"closed","sticky":false,"template":"","format":"standard","meta":{"footnotes":""},"categories":[35],"tags":[],"class_list":["post-92017","post","type-post","status-publish","format-standard","has-post-thumbnail","hentry","category-cdmx"],"_links":{"self":[{"href":"https:\/\/elinformante.mx\/index.php?rest_route=\/wp\/v2\/posts\/92017","targetHints":{"allow":["GET"]}}],"collection":[{"href":"https:\/\/elinformante.mx\/index.php?rest_route=\/wp\/v2\/posts"}],"about":[{"href":"https:\/\/elinformante.mx\/index.php?rest_route=\/wp\/v2\/types\/post"}],"author":[{"embeddable":true,"href":"https:\/\/elinformante.mx\/index.php?rest_route=\/wp\/v2\/users\/1"}],"replies":[{"embeddable":true,"href":"https:\/\/elinformante.mx\/index.php?rest_route=%2Fwp%2Fv2%2Fcomments&post=92017"}],"version-history":[{"count":0,"href":"https:\/\/elinformante.mx\/index.php?rest_route=\/wp\/v2\/posts\/92017\/revisions"}],"wp:featuredmedia":[{"embeddable":true,"href":"https:\/\/elinformante.mx\/index.php?rest_route=\/wp\/v2\/media\/92018"}],"wp:attachment":[{"href":"https:\/\/elinformante.mx\/index.php?rest_route=%2Fwp%2Fv2%2Fmedia&parent=92017"}],"wp:term":[{"taxonomy":"category","embeddable":true,"href":"https:\/\/elinformante.mx\/index.php?rest_route=%2Fwp%2Fv2%2Fcategories&post=92017"},{"taxonomy":"post_tag","embeddable":true,"href":"https:\/\/elinformante.mx\/index.php?rest_route=%2Fwp%2Fv2%2Ftags&post=92017"}],"curies":[{"name":"wp","href":"https:\/\/api.w.org\/{rel}","templated":true}]}}