{"id":92026,"date":"2025-09-02T06:33:31","date_gmt":"2025-09-02T12:33:31","guid":{"rendered":"https:\/\/elinformante.mx\/?p=92026"},"modified":"2025-09-02T06:33:33","modified_gmt":"2025-09-02T12:33:33","slug":"avanza-lento-el-peso-mexicano-ante-el-dolar-despues-del-informe-de-gobierno","status":"publish","type":"post","link":"https:\/\/elinformante.mx\/?p=92026","title":{"rendered":"Avanza lento el Peso mexicano ante el d\u00f3lar despu\u00e9s del informe de Gobierno"},"content":{"rendered":"\n<figure class=\"wp-block-pullquote\"><blockquote><p>El d\u00f3lar pierde fuerza debido a la especulaci\u00f3n de que la Reserva Federal se prepara para recortar la tasa de inter\u00e9s el pr\u00f3ximo 17 de septiembre.<\/p><\/blockquote><\/figure>\n\n\n\n<p class=\"has-drop-cap\">El peso abri\u00f3 en 18.62 pesos por d\u00f3lar, con una apreciaci\u00f3n de 0.18%, de acuerdo con Bloomberg. Durante la sesi\u00f3n nocturna, el tipo de cambio alcanz\u00f3 un m\u00e1ximo de 18.66 y un m\u00ednimo de 18.60 pesos por d\u00f3lar.<br><\/p>\n\n\n\n<p>El d\u00f3lar perdi\u00f3 fuerza, explic\u00f3 el \u00e1rea de an\u00e1lisis de Banco Base, debido a la especulaci\u00f3n de que la Reserva Federal se prepara para recortar la tasa de inter\u00e9s el pr\u00f3ximo 17 de septiembre.<br><\/p>\n\n\n\n<p>\u201cEs importante recordar que hoy lunes es feriado en Estados Unidos por la conmemoraci\u00f3n del D\u00eda del Trabajo, por lo que permanecer\u00e1n cerrados los mercados en ese pa\u00eds y es probable que se observe poca liquidez en el mercado cambiario\u201d, record\u00f3.<br><\/p>\n\n\n\n<p>Por su parte, Grupo Banorte se\u00f1al\u00f3 que el despido de la gobernadora de la Reserva Federal, Lisa Cook, por parte de Donald Trump, un proceso que probablemente se resolver\u00e1 en tribunales, genera dudas sobre la fortaleza institucional y la independencia del banco central.<br><\/p>\n\n\n\n<p>A pesar de que el peso inici\u00f3 este 1 de septiembre con ganancias, Banco Base se\u00f1al\u00f3 que es importante recordar que el peso tiende a depreciarse en septiembre, por lo que no pueden descartarse presiones al alza para el tipo de cambio.<br><\/p>\n\n\n\n<p>De acuerdo con sus registros, en los \u00faltimos 10 a\u00f1os el peso mexicano se ha depreciado en promedio 0.86% en septiembre.<\/p>\n","protected":false},"excerpt":{"rendered":"<p>El d\u00f3lar pierde fuerza debido a la especulaci\u00f3n de que la Reserva Federal se prepara para recortar la tasa de inter\u00e9s el pr\u00f3ximo 17 de septiembre. El peso abri\u00f3 en 18.62 pesos por d\u00f3lar, con una apreciaci\u00f3n de 0.18%, de acuerdo con Bloomberg. Durante la sesi\u00f3n nocturna, el tipo de cambio alcanz\u00f3 un m\u00e1ximo de [&hellip;]<\/p>\n","protected":false},"author":1,"featured_media":92027,"comment_status":"closed","ping_status":"closed","sticky":false,"template":"","format":"standard","meta":{"footnotes":""},"categories":[34],"tags":[],"class_list":["post-92026","post","type-post","status-publish","format-standard","has-post-thumbnail","hentry","category-nacional"],"_links":{"self":[{"href":"https:\/\/elinformante.mx\/index.php?rest_route=\/wp\/v2\/posts\/92026","targetHints":{"allow":["GET"]}}],"collection":[{"href":"https:\/\/elinformante.mx\/index.php?rest_route=\/wp\/v2\/posts"}],"about":[{"href":"https:\/\/elinformante.mx\/index.php?rest_route=\/wp\/v2\/types\/post"}],"author":[{"embeddable":true,"href":"https:\/\/elinformante.mx\/index.php?rest_route=\/wp\/v2\/users\/1"}],"replies":[{"embeddable":true,"href":"https:\/\/elinformante.mx\/index.php?rest_route=%2Fwp%2Fv2%2Fcomments&post=92026"}],"version-history":[{"count":0,"href":"https:\/\/elinformante.mx\/index.php?rest_route=\/wp\/v2\/posts\/92026\/revisions"}],"wp:featuredmedia":[{"embeddable":true,"href":"https:\/\/elinformante.mx\/index.php?rest_route=\/wp\/v2\/media\/92027"}],"wp:attachment":[{"href":"https:\/\/elinformante.mx\/index.php?rest_route=%2Fwp%2Fv2%2Fmedia&parent=92026"}],"wp:term":[{"taxonomy":"category","embeddable":true,"href":"https:\/\/elinformante.mx\/index.php?rest_route=%2Fwp%2Fv2%2Fcategories&post=92026"},{"taxonomy":"post_tag","embeddable":true,"href":"https:\/\/elinformante.mx\/index.php?rest_route=%2Fwp%2Fv2%2Ftags&post=92026"}],"curies":[{"name":"wp","href":"https:\/\/api.w.org\/{rel}","templated":true}]}}