{"id":92028,"date":"2025-09-02T06:35:20","date_gmt":"2025-09-02T12:35:20","guid":{"rendered":"https:\/\/elinformante.mx\/?p=92028"},"modified":"2025-09-02T06:35:22","modified_gmt":"2025-09-02T12:35:22","slug":"scjn-y-pjf-seran-saneados-ministro-hugo-aguilar","status":"publish","type":"post","link":"https:\/\/elinformante.mx\/?p=92028","title":{"rendered":"SCJN y PJF ser\u00e1n saneados: ministro Hugo Aguilar"},"content":{"rendered":"\n<figure class=\"wp-block-pullquote\"><blockquote><p>Durante la ceremonia tradicional de purificaci\u00f3n y entrega del bast\u00f3n de mando, Aguilar Ortiz dijo que es hora de una justicia que mire hacia abajo<\/p><\/blockquote><\/figure>\n\n\n\n<p class=\"has-drop-cap\">Hugo Aguilar Ortiz, qui\u00e9n es ya el ministro presidente de la Suprema Corte de Justicia de la Naci\u00f3n, afirm\u00f3 que los nuevos integrantes del Pleno llegan con el mandato claro de \u201csanear\u201d al m\u00e1ximo tribunal del pa\u00eds.<br><\/p>\n\n\n\n<p>As\u00ed lo se\u00f1al\u00f3, despu\u00e9s de llevarse a cabo la ceremonia tradicional de purificaci\u00f3n y entrega del bast\u00f3n de mando a cada uno de los nueve ministros y ministras por parte de gobernadores y autoridades de pueblos originarios.<br><\/p>\n\n\n\n<p>Aguilar Ortiz dijo que es hora de una justicia que mire hacia abajo y que ponga fin al nepotismo dentro del Poder Judicial.<br><\/p>\n\n\n\n<p>Ante cientos de integrantes de pueblos originarios y simpatizantes de la autodenominada Cuarta Transformaci\u00f3n en el Z\u00f3calo capitalino, el ministro presidente de la Suprema Corte dijo que en las reuniones de ministros electos han llegado a varios acuerdos para poner fin a los privilegios del Poder Judicial de la Federaci\u00f3n.<br><\/p>\n\n\n\n<p>\u201cLas ministras y ministros que hoy integramos la Nueva Suprema Corte de Justicia de la Naci\u00f3n, tenemos un mandato claro: sanear el Poder Judicial de la Federaci\u00f3n y de las entidades federativas, sanear la SCJN, se van a acabar la corrupci\u00f3n, el nepotismo, la deshonestidad\u201d.<br><\/p>\n\n\n\n<p>Advirti\u00f3 que los bastones de mando entregados a los ministros y ministras van a imprimir un sello particular a la nueva Suprema Corte, ya que esto implica que los nuevos integrantes del m\u00e1ximo tribunal del pa\u00eds deben ganarse la confianza de grandes, de j\u00f3venes y hasta de ni\u00f1os.<br><\/p>\n\n\n\n<p>Agreg\u00f3 que asumir un cargo p\u00fablico implica ejercer un poder que puede servir para mandar, disponer o deshacer, por lo que los bastones de mando son un recordatorio de que los puestos p\u00fablicos son para prestar un servicio y una oportunidad para trabajar por las comunidades.<br><\/p>\n\n\n\n<p>Destac\u00f3 que los bastones de mando imponen a sus portadores la obligaci\u00f3n de hablar por qui\u00e9nes no pueden hablar y de defender a los que no se pueden defender.<br><\/p>\n\n\n\n<p>Y afirm\u00f3 que si no se hubiera aprobado la Reforma Judicial hace un a\u00f1o, que permiti\u00f3 poder votar por ministros, ministras, magistrados y jueces en todo M\u00e9xico, no habr\u00eda llegado a ser ministro de la Suprema Corte.<br><\/p>\n\n\n\n<p>\u201cHace apenas un a\u00f1o, era inimaginable que su servidor, como ind\u00edgena, como gente del pueblo, a pesar de los estudios, a pesar del trabajo, a pesar de los m\u00e9ritos, era inimaginable que estuviera hoy en d\u00eda habl\u00e1ndoles en el cargo de ministro de la Suprema Corte de Justicia de la Naci\u00f3n\u201d.<br><\/p>\n\n\n\n<p>Al menos seis de los nuevos ministros y ministras de la Suprema Corte de Justicia de la Naci\u00f3n (SCJN) acudieron a la zona arqueol\u00f3gica de Cuiculco para ser parte de la ceremonia de consagraci\u00f3n de los \u201cbastones de mando\u201d que van a recibir previo a su toma de protesta ante el Pleno del Senado de la Rep\u00fablica.<br><\/p>\n\n\n\n<p>Hugo Aguilar Ortiz, afirm\u00f3 que la actual integraci\u00f3n de la Corte ser\u00e1 distinta y diferente a las anteriores, debido a que su actuaci\u00f3n no estar\u00e1 regida por el dinero o el poder, sino el servicio al pueblo y el servicio a cada uno de ustedes.<br><\/p>\n\n\n\n<p>Quienes no acudieron al evento fueron el ministro Aristides Rodrigo Guerrero Garc\u00eda, quien sufri\u00f3 un accidente vehicular la semana pasada, y de las ministras Loreta Ortiz Ahlf y Yasm\u00edn Esquivel Mossa, el ministro Aguilar agreg\u00f3 que existe un compromiso de los nuevos ministros y ministras para actuar en favor de las personas.<\/p>\n","protected":false},"excerpt":{"rendered":"<p>Durante la ceremonia tradicional de purificaci\u00f3n y entrega del bast\u00f3n de mando, Aguilar Ortiz dijo que es hora de una justicia que mire hacia abajo Hugo Aguilar Ortiz, qui\u00e9n es ya el ministro presidente de la Suprema Corte de Justicia de la Naci\u00f3n, afirm\u00f3 que los nuevos integrantes del Pleno llegan con el mandato claro [&hellip;]<\/p>\n","protected":false},"author":1,"featured_media":92029,"comment_status":"closed","ping_status":"closed","sticky":false,"template":"","format":"standard","meta":{"footnotes":""},"categories":[30,34],"tags":[],"class_list":["post-92028","post","type-post","status-publish","format-standard","has-post-thumbnail","hentry","category-destacado","category-nacional"],"_links":{"self":[{"href":"https:\/\/elinformante.mx\/index.php?rest_route=\/wp\/v2\/posts\/92028","targetHints":{"allow":["GET"]}}],"collection":[{"href":"https:\/\/elinformante.mx\/index.php?rest_route=\/wp\/v2\/posts"}],"about":[{"href":"https:\/\/elinformante.mx\/index.php?rest_route=\/wp\/v2\/types\/post"}],"author":[{"embeddable":true,"href":"https:\/\/elinformante.mx\/index.php?rest_route=\/wp\/v2\/users\/1"}],"replies":[{"embeddable":true,"href":"https:\/\/elinformante.mx\/index.php?rest_route=%2Fwp%2Fv2%2Fcomments&post=92028"}],"version-history":[{"count":0,"href":"https:\/\/elinformante.mx\/index.php?rest_route=\/wp\/v2\/posts\/92028\/revisions"}],"wp:featuredmedia":[{"embeddable":true,"href":"https:\/\/elinformante.mx\/index.php?rest_route=\/wp\/v2\/media\/92029"}],"wp:attachment":[{"href":"https:\/\/elinformante.mx\/index.php?rest_route=%2Fwp%2Fv2%2Fmedia&parent=92028"}],"wp:term":[{"taxonomy":"category","embeddable":true,"href":"https:\/\/elinformante.mx\/index.php?rest_route=%2Fwp%2Fv2%2Fcategories&post=92028"},{"taxonomy":"post_tag","embeddable":true,"href":"https:\/\/elinformante.mx\/index.php?rest_route=%2Fwp%2Fv2%2Ftags&post=92028"}],"curies":[{"name":"wp","href":"https:\/\/api.w.org\/{rel}","templated":true}]}}