{"id":92047,"date":"2025-09-03T05:36:50","date_gmt":"2025-09-03T11:36:50","guid":{"rendered":"https:\/\/elinformante.mx\/?p=92047"},"modified":"2025-09-03T05:36:52","modified_gmt":"2025-09-03T11:36:52","slug":"muestran-millie-bobby-brown-y-jake-bongiovi-primera-foto-de-su-bebe","status":"publish","type":"post","link":"https:\/\/elinformante.mx\/?p=92047","title":{"rendered":"Muestran Millie Bobby Brown y Jake Bongiovi primera foto de su beb\u00e9"},"content":{"rendered":"\n<figure class=\"wp-block-pullquote\"><blockquote><p>La publicaci\u00f3n, sencilla pero conmovedora, mostraba su emoci\u00f3n por comenzar esta nueva aventura como familia.<\/p><\/blockquote><\/figure>\n\n\n\n<p class=\"has-drop-cap\">La actriz Millie Bobby Brown y su esposo Jake Bongiovi revelaron en Instagram la primera foto de la beb\u00e9 que adoptaron recientemente, menos de dos semanas despu\u00e9s de anunciar la feliz noticia. En la imagen, se observa a Jake caminando por la pista de un aeropuerto, cargando una sillita de beb\u00e9s, mientras Millie lo acompa\u00f1aba en el emotivo momento<br><\/p>\n\n\n\n<p>La publicaci\u00f3n fue acompa\u00f1ada por un breve y simb\u00f3lico texto compuesto \u00fanicamente por tres emojis: una mamila, un destello y un pollito.<br><\/p>\n\n\n\n<p>Aunque no se ve la carita a la beb\u00e9, el momento lo dice todo: est\u00e1n viviendo uno de los cap\u00edtulos m\u00e1s felices de su vida. Fue hace apenas unas semanas, el 21 de agosto, cuando Millie y Jake sorprendieron al mundo con la noticia de que hab\u00edan adoptado a una ni\u00f1a.<br><\/p>\n\n\n\n<p>\u201cEste verano dimos la bienvenida a nuestra dulce beb\u00e9 mediante la adopci\u00f3n. Estamos m\u00e1s que emocionados por comenzar este hermoso cap\u00edtulo de la paternidad con paz y privacidad. Y entonces fuimos 3\u201d, escribieron en una emotiva publicaci\u00f3n conjunta.<br><\/p>\n\n\n\n<p>Por su parte, Millie Bobbie Brown hab\u00eda hablado abiertamente sobre su deseo de formar una familia desde joven.<br><\/p>\n\n\n\n<p>En entrevistas recientes comparti\u00f3 que la maternidad siempre fue parte de su plan de vida: \u201cMi mam\u00e1 me tuvo a los 21 y mi abuela fue mam\u00e1 a los 20\u2026 yo crec\u00ed sabiendo que quer\u00eda ser mam\u00e1 tambi\u00e9n. Para m\u00ed, tener un hijo biol\u00f3gico o adoptado es igual de especial\u201d, confes\u00f3 en el podcast SmartLess.<br><\/p>\n\n\n\n<p>Tres meses despu\u00e9s de celebrar su primer aniversario de bodas, Millie Bobby Brown y Jake Bongiovi sorprendieron a sus seguidores con la noticia m\u00e1s emocionante hasta ahora: \u00a1se convirtieron en pap\u00e1s!.<br><\/p>\n\n\n\n<p>El pasado 21 de agosto, la pareja comparti\u00f3 en redes sociales que adoptaron a una beb\u00e9 durante el verano, iniciando as\u00ed una nueva etapa en su vida juntos.<br><\/p>\n\n\n\n<p>La publicaci\u00f3n, sencilla pero conmovedora, mostraba su emoci\u00f3n por comenzar esta nueva aventura como familia, destacando su deseo de vivirla con privacidad y mucho amor.<br><\/p>\n\n\n\n<p>Aunque no revelaron m\u00e1s detalles sobre la peque\u00f1a, la noticia fue recibida con miles de mensajes de cari\u00f1o por parte de fans y celebridades, que celebraron la llegada de este nuevo miembro a la familia.<\/p>\n","protected":false},"excerpt":{"rendered":"<p>La publicaci\u00f3n, sencilla pero conmovedora, mostraba su emoci\u00f3n por comenzar esta nueva aventura como familia. La actriz Millie Bobby Brown y su esposo Jake Bongiovi revelaron en Instagram la primera foto de la beb\u00e9 que adoptaron recientemente, menos de dos semanas despu\u00e9s de anunciar la feliz noticia. En la imagen, se observa a Jake caminando [&hellip;]<\/p>\n","protected":false},"author":1,"featured_media":92048,"comment_status":"closed","ping_status":"closed","sticky":false,"template":"","format":"standard","meta":{"footnotes":""},"categories":[39],"tags":[],"class_list":["post-92047","post","type-post","status-publish","format-standard","has-post-thumbnail","hentry","category-espectaculos"],"_links":{"self":[{"href":"https:\/\/elinformante.mx\/index.php?rest_route=\/wp\/v2\/posts\/92047","targetHints":{"allow":["GET"]}}],"collection":[{"href":"https:\/\/elinformante.mx\/index.php?rest_route=\/wp\/v2\/posts"}],"about":[{"href":"https:\/\/elinformante.mx\/index.php?rest_route=\/wp\/v2\/types\/post"}],"author":[{"embeddable":true,"href":"https:\/\/elinformante.mx\/index.php?rest_route=\/wp\/v2\/users\/1"}],"replies":[{"embeddable":true,"href":"https:\/\/elinformante.mx\/index.php?rest_route=%2Fwp%2Fv2%2Fcomments&post=92047"}],"version-history":[{"count":0,"href":"https:\/\/elinformante.mx\/index.php?rest_route=\/wp\/v2\/posts\/92047\/revisions"}],"wp:featuredmedia":[{"embeddable":true,"href":"https:\/\/elinformante.mx\/index.php?rest_route=\/wp\/v2\/media\/92048"}],"wp:attachment":[{"href":"https:\/\/elinformante.mx\/index.php?rest_route=%2Fwp%2Fv2%2Fmedia&parent=92047"}],"wp:term":[{"taxonomy":"category","embeddable":true,"href":"https:\/\/elinformante.mx\/index.php?rest_route=%2Fwp%2Fv2%2Fcategories&post=92047"},{"taxonomy":"post_tag","embeddable":true,"href":"https:\/\/elinformante.mx\/index.php?rest_route=%2Fwp%2Fv2%2Ftags&post=92047"}],"curies":[{"name":"wp","href":"https:\/\/api.w.org\/{rel}","templated":true}]}}