{"id":92063,"date":"2025-09-03T05:53:19","date_gmt":"2025-09-03T11:53:19","guid":{"rendered":"https:\/\/elinformante.mx\/?p=92063"},"modified":"2025-09-03T05:58:35","modified_gmt":"2025-09-03T11:58:35","slug":"isaac-montoya-reinaugura-centro-acuatico-de-la-mancha-iii","status":"publish","type":"post","link":"https:\/\/elinformante.mx\/?p=92063","title":{"rendered":"Isaac Montoya reinaugura Centro Acu\u00e1tico de La Mancha III"},"content":{"rendered":"\n<figure class=\"wp-block-pullquote\"><blockquote><p>-Esta es la segunda alberca que rescata la administraci\u00f3n a trav\u00e9s de IMCUFIDEN y Servicios P\u00fablicos; se suma a la del Tepetatal.<\/p><\/blockquote><\/figure>\n\n\n\n<p class=\"has-drop-cap\">Al reinaugurar la alberca de la Mancha III, espacio deportivo que estuvo fuera de servicio durante los dos \u00faltimos a\u00f1os por las malas condiciones para su operaci\u00f3n, ahora beneficiar\u00e1 a m\u00e1s de 700 personas mensualmente con actividades acu\u00e1ticas, adem\u00e1s se convierte en un lugar de encuentro familiar y social, se\u00f1al\u00f3 el presidente municipal, Isaac Montoya M\u00e1rquez.<br><\/p>\n\n\n\n<p>Acompa\u00f1ado de los medallistas ol\u00edmpicos en la disciplina de clavados, Fernando Platas (Medallista de plata en Sidney 2000 en trampol\u00edn de 3 metros) y Jes\u00fas Mena (Medallista de bronce en Se\u00fal 1988, en la plataforma de 10 metros), el alcalde destac\u00f3 que este Centro Acu\u00e1tico de la Mancha III, se constituye como un lugar en el que las familias, ni\u00f1as y ni\u00f1os encontrar\u00e1n salud f\u00edsica y bienestar social.<br><\/p>\n\n\n\n<p>Esta es la segunda alberca que rescata la administraci\u00f3n del alcalde Isaac Montoya, a trav\u00e9s del Instituto Municipal de Cultura F\u00edsica y Deporte de Naucalpan (IMCUFIDEN) y trabajos de Servicios P\u00fablicos y se suma a la Alberca del Tepetatal. En el Centro Acu\u00e1tico de la Mancha III, se impulsar\u00e1 el programa de 200 becas deportivas, con las que podr\u00e1n hacer uso de la alberca con apoyo parcial y al 100%.<br><\/p>\n\n\n\n<p>\u201cEst\u00e1 fue una solicitud que nos hab\u00edan hecho desde antes que lleg\u00e1ramos al gobierno municipal para poder llevar a sus hijos y hacer uso de las instalaciones. Cumplimos un compromiso hecho con ustedes de tener este espacio para la recreaci\u00f3n, para la disciplina, para llevar a cabo el deporte acu\u00e1tico\u201d dijo Montoya M\u00e1rquez.<br><\/p>\n\n\n\n<figure class=\"wp-block-image size-large\"><img fetchpriority=\"high\" decoding=\"async\" width=\"1024\" height=\"506\" src=\"https:\/\/elinformante.mx\/wp-content\/uploads\/2025\/09\/12naucalpan-2-1-1024x506.jpg\" alt=\"\" class=\"wp-image-92065\" srcset=\"https:\/\/elinformante.mx\/wp-content\/uploads\/2025\/09\/12naucalpan-2-1-1024x506.jpg 1024w, https:\/\/elinformante.mx\/wp-content\/uploads\/2025\/09\/12naucalpan-2-1-300x148.jpg 300w, https:\/\/elinformante.mx\/wp-content\/uploads\/2025\/09\/12naucalpan-2-1-768x379.jpg 768w, https:\/\/elinformante.mx\/wp-content\/uploads\/2025\/09\/12naucalpan-2-1.jpg 1140w\" sizes=\"(max-width: 1024px) 100vw, 1024px\" \/><\/figure>\n\n\n\n<p>Refiri\u00f3 que esta alberca de la Mancha III se rescat\u00f3 para la comunidad, se hizo el cambio del techo y ya se automatiza por completo este lugar, cuenta ya con salvavidas, param\u00e9dicos, con una administraci\u00f3n eficiente para que las y los naucalpenses tengan un centro acu\u00e1tico de primer nivel, como ya se hizo en el Tepetatal.<br><\/p>\n\n\n\n<p>Reconoci\u00f3 a los medallistas Fernando Platas y a Jes\u00fas Mena, como dos impulsores del deporte y los puso como ejemplo para las y los ni\u00f1os y los motiv\u00f3 a realizar actividad f\u00edsica. As\u00ed como a Braulio Becerril, charro naucalpense que obtuvo el Subcampeonato Estatal en la suerte de colas, categor\u00eda Infantil B.<br><\/p>\n\n\n\n<p>Subray\u00f3 este espacio puede ser un semillero de grandes talentos, en el cual, con disciplina, con regularidad, con una pr\u00e1ctica adecuada del deporte pueden llegar muy lejos. Nuestro gobierno estar\u00e1 siempre impulsando el deporte, siempre apoyando la activaci\u00f3n f\u00edsica y ayudando para que estos j\u00f3venes puedan salir adelante y puedan llegar muy lejos.<br><\/p>\n\n\n\n<p>Los medallistas coincidieron en que abrir espacios p\u00fablicos deportivos, son motivo de alegr\u00eda porque las ni\u00f1as, ni\u00f1os, j\u00f3venes y adultos tienen un espacio para disfrutarlo y tener mejores h\u00e1bitos de vida personal y social. Conminaron a apropiarse de la alberca y cuidarla para que en un futuro surjan de este lugar mejores personas y mejores deportistas.<\/p>\n","protected":false},"excerpt":{"rendered":"<p>-Esta es la segunda alberca que rescata la administraci\u00f3n a trav\u00e9s de IMCUFIDEN y Servicios P\u00fablicos; se suma a la del Tepetatal. Al reinaugurar la alberca de la Mancha III, espacio deportivo que estuvo fuera de servicio durante los dos \u00faltimos a\u00f1os por las malas condiciones para su operaci\u00f3n, ahora beneficiar\u00e1 a m\u00e1s de 700 [&hellip;]<\/p>\n","protected":false},"author":1,"featured_media":92064,"comment_status":"closed","ping_status":"closed","sticky":false,"template":"","format":"standard","meta":{"footnotes":""},"categories":[30,36],"tags":[],"class_list":["post-92063","post","type-post","status-publish","format-standard","has-post-thumbnail","hentry","category-destacado","category-edomex"],"_links":{"self":[{"href":"https:\/\/elinformante.mx\/index.php?rest_route=\/wp\/v2\/posts\/92063","targetHints":{"allow":["GET"]}}],"collection":[{"href":"https:\/\/elinformante.mx\/index.php?rest_route=\/wp\/v2\/posts"}],"about":[{"href":"https:\/\/elinformante.mx\/index.php?rest_route=\/wp\/v2\/types\/post"}],"author":[{"embeddable":true,"href":"https:\/\/elinformante.mx\/index.php?rest_route=\/wp\/v2\/users\/1"}],"replies":[{"embeddable":true,"href":"https:\/\/elinformante.mx\/index.php?rest_route=%2Fwp%2Fv2%2Fcomments&post=92063"}],"version-history":[{"count":0,"href":"https:\/\/elinformante.mx\/index.php?rest_route=\/wp\/v2\/posts\/92063\/revisions"}],"wp:featuredmedia":[{"embeddable":true,"href":"https:\/\/elinformante.mx\/index.php?rest_route=\/wp\/v2\/media\/92064"}],"wp:attachment":[{"href":"https:\/\/elinformante.mx\/index.php?rest_route=%2Fwp%2Fv2%2Fmedia&parent=92063"}],"wp:term":[{"taxonomy":"category","embeddable":true,"href":"https:\/\/elinformante.mx\/index.php?rest_route=%2Fwp%2Fv2%2Fcategories&post=92063"},{"taxonomy":"post_tag","embeddable":true,"href":"https:\/\/elinformante.mx\/index.php?rest_route=%2Fwp%2Fv2%2Ftags&post=92063"}],"curies":[{"name":"wp","href":"https:\/\/api.w.org\/{rel}","templated":true}]}}