{"id":92074,"date":"2025-09-03T06:13:29","date_gmt":"2025-09-03T12:13:29","guid":{"rendered":"https:\/\/elinformante.mx\/?p=92074"},"modified":"2025-09-03T06:13:35","modified_gmt":"2025-09-03T12:13:35","slug":"lanza-la-uaemex-convocatoria-para-integrar-el-plan-rector-de-desarrollo-institucional-2025-2029","status":"publish","type":"post","link":"https:\/\/elinformante.mx\/?p=92074","title":{"rendered":"Lanza la UAEM\u00e9x convocatoria para integrar el Plan Rector de Desarrollo Institucional 2025-2029"},"content":{"rendered":"\n<figure class=\"wp-block-pullquote\"><blockquote><p>La rectora explic\u00f3 que el plan se integrar\u00e1 con base en aportaciones organizadas en 17 temas.<\/p><\/blockquote><\/figure>\n\n\n\n<p class=\"has-drop-cap\">Present\u00f3 la Universidad Aut\u00f3noma del Estado de M\u00e9xico (UAEM\u00e9x) la convocatoria dirigida a su comunidad para participar en la integraci\u00f3n del Plan Rector de Desarrollo Institucional (PRDI) 2025-2029.<br><\/p>\n\n\n\n<p>La rectora Patricia Zarza Delgado inform\u00f3 que el ejercicio contempla la participaci\u00f3n en formato presencial y digital, en cuyo caso la convocatoria estar\u00e1 disponible en el portal prdi2025-2029.uaemex.mx hasta el 3 de octubre de 2025.<br><\/p>\n\n\n\n<p>El registro concluir\u00e1 el 21 de septiembre a las 21:00 horas, para que las y los universitarios que opten por presentar ponencias de manera presencial se registren, este previo a los 11 foros regionales programados para los d\u00edas 25 y 26 de septiembre de 2025 en distintas sedes.<br><\/p>\n\n\n\n<p>La rectora explic\u00f3 que el plan se integrar\u00e1 con base en aportaciones organizadas en 17 temas, entre ellos: ciencia, deporte, identidad y cultura, sostenibilidad ambiental, estudios profesionales, bachillerato, igualdad e inclusi\u00f3n, administraci\u00f3n, formaci\u00f3n docente, cultura de paz, erradicaci\u00f3n de la violencia de g\u00e9nero, gobernanza, desarrollo institucional, comunicaci\u00f3n y normatividad.<br><\/p>\n\n\n\n<p>La rectora Zarza Delgado se\u00f1al\u00f3: \u201cEl rumbo de la Universidad Aut\u00f3noma del Estado de M\u00e9xico se define a trav\u00e9s de la interacci\u00f3n y el di\u00e1logo con su comunidad; la ruta se establece a trav\u00e9s de la participaci\u00f3n y de la generaci\u00f3n de ideas y propuestas de todas las personas que la integran\u201d.<br><\/p>\n\n\n\n<p>La secretaria de Desarrollo y Fortalecimiento Institucional de la UAEM\u00e9x, Mar\u00eda de las Mercedes Portilla Luja, indic\u00f3 que el sistema de planeaci\u00f3n universitaria se sostiene en un modelo participativo que convoca a estudiantes, profesorado y personal administrativo.<br><\/p>\n\n\n\n<p>El objetivo de esta convocatoria es fomentar la participaci\u00f3n de la comunidad universitaria con el fin de conocer sus opiniones sobre las principales problem\u00e1ticas que enfrenta la instituci\u00f3n, as\u00ed como sus propuestas de soluci\u00f3n, las cuales contribuir\u00e1n directamente a la formulaci\u00f3n del PRDI 2025-2029, expuso.<br><\/p>\n\n\n\n<p>Las propuestas ser\u00e1n sistematizadas para conformar un diagn\u00f3stico general y definir objetivos y metas de mediano y largo plazo que estructurar\u00e1n el plan, por lo que la rectora reiter\u00f3 el llamado a la comunidad universitaria a integrarse al proceso.<\/p>\n","protected":false},"excerpt":{"rendered":"<p>La rectora explic\u00f3 que el plan se integrar\u00e1 con base en aportaciones organizadas en 17 temas. Present\u00f3 la Universidad Aut\u00f3noma del Estado de M\u00e9xico (UAEM\u00e9x) la convocatoria dirigida a su comunidad para participar en la integraci\u00f3n del Plan Rector de Desarrollo Institucional (PRDI) 2025-2029. La rectora Patricia Zarza Delgado inform\u00f3 que el ejercicio contempla la [&hellip;]<\/p>\n","protected":false},"author":1,"featured_media":92075,"comment_status":"closed","ping_status":"closed","sticky":false,"template":"","format":"standard","meta":{"footnotes":""},"categories":[30,36],"tags":[],"class_list":["post-92074","post","type-post","status-publish","format-standard","has-post-thumbnail","hentry","category-destacado","category-edomex"],"_links":{"self":[{"href":"https:\/\/elinformante.mx\/index.php?rest_route=\/wp\/v2\/posts\/92074","targetHints":{"allow":["GET"]}}],"collection":[{"href":"https:\/\/elinformante.mx\/index.php?rest_route=\/wp\/v2\/posts"}],"about":[{"href":"https:\/\/elinformante.mx\/index.php?rest_route=\/wp\/v2\/types\/post"}],"author":[{"embeddable":true,"href":"https:\/\/elinformante.mx\/index.php?rest_route=\/wp\/v2\/users\/1"}],"replies":[{"embeddable":true,"href":"https:\/\/elinformante.mx\/index.php?rest_route=%2Fwp%2Fv2%2Fcomments&post=92074"}],"version-history":[{"count":0,"href":"https:\/\/elinformante.mx\/index.php?rest_route=\/wp\/v2\/posts\/92074\/revisions"}],"wp:featuredmedia":[{"embeddable":true,"href":"https:\/\/elinformante.mx\/index.php?rest_route=\/wp\/v2\/media\/92075"}],"wp:attachment":[{"href":"https:\/\/elinformante.mx\/index.php?rest_route=%2Fwp%2Fv2%2Fmedia&parent=92074"}],"wp:term":[{"taxonomy":"category","embeddable":true,"href":"https:\/\/elinformante.mx\/index.php?rest_route=%2Fwp%2Fv2%2Fcategories&post=92074"},{"taxonomy":"post_tag","embeddable":true,"href":"https:\/\/elinformante.mx\/index.php?rest_route=%2Fwp%2Fv2%2Ftags&post=92074"}],"curies":[{"name":"wp","href":"https:\/\/api.w.org\/{rel}","templated":true}]}}