{"id":92089,"date":"2025-09-03T06:40:39","date_gmt":"2025-09-03T12:40:39","guid":{"rendered":"https:\/\/elinformante.mx\/?p=92089"},"modified":"2025-09-03T06:40:49","modified_gmt":"2025-09-03T12:40:49","slug":"rojo-de-la-vega-encabeza-jornada-de-rehabilitacion-integral-en-tepito","status":"publish","type":"post","link":"https:\/\/elinformante.mx\/?p=92089","title":{"rendered":"Rojo de la Vega encabeza jornada de rehabilitaci\u00f3n integral en Tepito"},"content":{"rendered":"\n<figure class=\"wp-block-pullquote\"><blockquote><p>-Se realizaron m\u00e1s de 800 metros de desazolve, 640 de balizamiento, 102 metros cuadrados de bacheo y 20 luminarias rehabilitadas.<\/p><\/blockquote><\/figure>\n\n\n\n<p class=\"has-drop-cap\">El reclamo llevaba a\u00f1os en Tepito: gobiernos pasaban y las calles quedaban en el abandono. Hoy, la alcaldesa Alessandra Rojo de la Vega encabez\u00f3 una acci\u00f3n integral en la zona, donde se atendieron reportes vecinales y se inici\u00f3 con la rehabilitaci\u00f3n permanente del espacio p\u00fablico.<br><\/p>\n\n\n\n<p>La intervenci\u00f3n se concentr\u00f3 en la calle Fray Bartolom\u00e9 de las Casas, entre Jes\u00fas Carranza y Toltecas, donde la alcaldesa encabez\u00f3 el trabajo de brigadas de trabajadores de la Direcci\u00f3n General de Servicios Urbanos, con el apoyo de las direcciones generales de Participaci\u00f3n Ciudadana y Gobierno -a trav\u00e9s de Mercados y V\u00eda P\u00fablica- en la que realizaron 800 metros de desazolve, 640 metros de balizamiento de guarniciones, 102 metros cuadrados de bacheo y rehabilitaron 20 luminarias, acciones que de inmediato mejoraron la movilidad y seguridad de la zona.<br><\/p>\n\n\n\n<p>La mandataria afirm\u00f3 que la jornada no se limit\u00f3 a la limpieza y reparaci\u00f3n: se trat\u00f3 de un primer paso para recuperar de manera permanente las vialidades de Tepito en coordinaci\u00f3n con comerciantes y habitantes del barrio.<br><\/p>\n\n\n\n<figure class=\"wp-block-image size-large\"><img fetchpriority=\"high\" decoding=\"async\" width=\"1024\" height=\"506\" src=\"https:\/\/elinformante.mx\/wp-content\/uploads\/2025\/09\/6rojo-1-1024x506.jpeg\" alt=\"\" class=\"wp-image-92091\" srcset=\"https:\/\/elinformante.mx\/wp-content\/uploads\/2025\/09\/6rojo-1-1024x506.jpeg 1024w, https:\/\/elinformante.mx\/wp-content\/uploads\/2025\/09\/6rojo-1-300x148.jpeg 300w, https:\/\/elinformante.mx\/wp-content\/uploads\/2025\/09\/6rojo-1-768x379.jpeg 768w, https:\/\/elinformante.mx\/wp-content\/uploads\/2025\/09\/6rojo-1.jpeg 1140w\" sizes=\"(max-width: 1024px) 100vw, 1024px\" \/><\/figure>\n\n\n\n<p>\u201cAqu\u00ed los reportes se atienden y las calles se recuperan con trabajo real. El cambio de verdad est\u00e1 en cada acci\u00f3n\u201d, expres\u00f3 la alcaldesa, al subrayar que se trata de un modelo de trabajo que seguir\u00e1 de forma constante en el pol\u00edgono.<br><\/p>\n\n\n\n<p>Vecinas, vecinos y comerciantes reconocieron que en a\u00f1os recientes no hab\u00edan recibido este tipo de atenci\u00f3n y destacaron la importancia de que el gobierno local act\u00fae directamente en el espacio p\u00fablico.<br><\/p>\n\n\n\n<p>Con estas acciones, la Alcald\u00eda Cuauht\u00e9moc refrenda su compromiso de devolver dignidad a los barrios hist\u00f3ricos de la demarcaci\u00f3n, con un modelo de atenci\u00f3n que pone al centro las demandas ciudadanas y las resuelve en el territorio.<\/p>\n","protected":false},"excerpt":{"rendered":"<p>-Se realizaron m\u00e1s de 800 metros de desazolve, 640 de balizamiento, 102 metros cuadrados de bacheo y 20 luminarias rehabilitadas. El reclamo llevaba a\u00f1os en Tepito: gobiernos pasaban y las calles quedaban en el abandono. Hoy, la alcaldesa Alessandra Rojo de la Vega encabez\u00f3 una acci\u00f3n integral en la zona, donde se atendieron reportes vecinales [&hellip;]<\/p>\n","protected":false},"author":1,"featured_media":92090,"comment_status":"closed","ping_status":"closed","sticky":false,"template":"","format":"standard","meta":{"footnotes":""},"categories":[35,30],"tags":[],"class_list":["post-92089","post","type-post","status-publish","format-standard","has-post-thumbnail","hentry","category-cdmx","category-destacado"],"_links":{"self":[{"href":"https:\/\/elinformante.mx\/index.php?rest_route=\/wp\/v2\/posts\/92089","targetHints":{"allow":["GET"]}}],"collection":[{"href":"https:\/\/elinformante.mx\/index.php?rest_route=\/wp\/v2\/posts"}],"about":[{"href":"https:\/\/elinformante.mx\/index.php?rest_route=\/wp\/v2\/types\/post"}],"author":[{"embeddable":true,"href":"https:\/\/elinformante.mx\/index.php?rest_route=\/wp\/v2\/users\/1"}],"replies":[{"embeddable":true,"href":"https:\/\/elinformante.mx\/index.php?rest_route=%2Fwp%2Fv2%2Fcomments&post=92089"}],"version-history":[{"count":0,"href":"https:\/\/elinformante.mx\/index.php?rest_route=\/wp\/v2\/posts\/92089\/revisions"}],"wp:featuredmedia":[{"embeddable":true,"href":"https:\/\/elinformante.mx\/index.php?rest_route=\/wp\/v2\/media\/92090"}],"wp:attachment":[{"href":"https:\/\/elinformante.mx\/index.php?rest_route=%2Fwp%2Fv2%2Fmedia&parent=92089"}],"wp:term":[{"taxonomy":"category","embeddable":true,"href":"https:\/\/elinformante.mx\/index.php?rest_route=%2Fwp%2Fv2%2Fcategories&post=92089"},{"taxonomy":"post_tag","embeddable":true,"href":"https:\/\/elinformante.mx\/index.php?rest_route=%2Fwp%2Fv2%2Ftags&post=92089"}],"curies":[{"name":"wp","href":"https:\/\/api.w.org\/{rel}","templated":true}]}}