{"id":92092,"date":"2025-09-03T06:42:04","date_gmt":"2025-09-03T12:42:04","guid":{"rendered":"https:\/\/elinformante.mx\/?p=92092"},"modified":"2025-09-03T06:42:10","modified_gmt":"2025-09-03T12:42:10","slug":"firman-convenio-aicm-y-sectur-cdmx-ademas-develan-mural-memoria-y-territorio","status":"publish","type":"post","link":"https:\/\/elinformante.mx\/?p=92092","title":{"rendered":"Firman convenio AICM y Sectur CDMX, adem\u00e1s develan mural \u201cMemoria y Territorio\u201d"},"content":{"rendered":"\n<figure class=\"wp-block-pullquote\"><blockquote><p>-Es una pieza de bienvenida, proyecci\u00f3n tur\u00edstica y cultural de la CDMX, fue creada por artistas urbanos y se estren\u00f3 en el pasado Tianguis Tur\u00edstico<\/p><\/blockquote><\/figure>\n\n\n\n<p class=\"has-drop-cap\">Formas e im\u00e1genes multicolores de grandeza, tradici\u00f3n, modernidad y cultura as\u00ed como referencias a los sitios y monumentos distintivos de la capital mexicana, los cuales reflejan una fuerte identidad hist\u00f3rica, se aprecian en el mural Memoria y Territorio, que hoy fue develado en la Terminal 2 del Aeropuerto Internacional de la Ciudad de M\u00e9xico, para dar la bienvenida a los visitantes en \u00e9sta, que es su principal puerta de entrada.<br><\/p>\n\n\n\n<p>Creado por artistas urbanos de la CDMX, quienes desarrollaron sus talentos a partir del grafiti, el mural presenta una Ciudad de M\u00e9xico en cuatro enormes cuadros, cuyo valor est\u00e9tico le vali\u00f3 el reconocimiento y elogios de propios y extra\u00f1os, durante su exhibici\u00f3n de estreno en el pasado Tianguis Tur\u00edstico 2025, celebrado a principios de a\u00f1o en Rosarito, Baja California, desde donde fue tra\u00eddo a la capital mexicana.<br><\/p>\n\n\n\n<p>Este d\u00eda la Secretaria de Turismo, Alejandra Frausto Guerrero, y el director general del Aeropuerto Internacional de la Ciudad de M\u00e9xico, Almirante Juan Jos\u00e9 Padilla Olmos, signaron un convenio de colaboraci\u00f3n, cuyo primer resultado es la exhibici\u00f3n de este mural, una pieza de bienvenida, proyecci\u00f3n tur\u00edstica y cultural de la capital del pa\u00eds, de cara a la inauguraci\u00f3n del Mundial de F\u00fatbol 2026, que se espera genere una importante afluencia de turistas nacionales y extranjeros con su no menos importante derrama econ\u00f3mica.<br><\/p>\n\n\n\n<p>La firma de este convenio es para dar a conocer todo lo que se hace en este gran aeropuerto. El gobierno de la Presidenta Claudia Sheinbaum ha invertido una cantidad muy importante de recursos en el AICM para superar los desaf\u00edos log\u00edsticos que presenta, a pesar de que somos una de las ciudades m\u00e1s conectadas del mundo. Y estamos lejos de que se le d\u00e9 por perdido, subray\u00f3.<br><\/p>\n\n\n\n<p>En este sentido, hizo notar que la Ciudad de M\u00e9xico est\u00e1 catalogada como la primera ciudad en oferta cultural. Arriba de Berl\u00edn, de Londres, de Nueva York, de Par\u00eds; somos una ciudad que tiene una gran oferta cultural, la gran mayor\u00eda gratuita, excepcional; somos la segunda ciudad del mundo con m\u00e1s museos; somos la tercera ciudad del mundo para turismo gastron\u00f3mico: tenemos 329 mercados y 88 restaurantes con alg\u00fan distintivo Michel\u00edn, agreg\u00f3.<br><\/p>\n\n\n\n<p>Con esta acci\u00f3n logramos reforzar el posicionamiento tur\u00edstico de la CDMX desde su principal punto de entrada y visibilizar el talento art\u00edstico urbano local al tiempo que promovemos una experiencia est\u00e9tica y emocional en los pasajeros.<br><\/p>\n\n\n\n<p>Mucho de lo que ha sido y es la Ciudad de M\u00e9xico \u2013incluso desde que se le llamaba Tenochtitl\u00e1n- se puede apreciar en los cuadros que integran el mural Memoria y Territorio: los canales de Xochimilco y sus trajineras; monumentos como el de la Revoluci\u00f3n Mexicana o el \u00c1ngel de la Independencia; el Estadio Azteca; un Cableb\u00fas; la Catedral Metropolitana; la Torre Latinoamericana y la Torre Mayor, as\u00ed como los volcanes Iztacc\u00edhuatl y Popocat\u00e9petl.<br><\/p>\n\n\n\n<p>El almirante Juan Jos\u00e9 Padilla Olmos, director general del AICM, afirm\u00f3 que con la firma del convenio la Sectur y la terminal a\u00e9rea capitalina emprendemos el vuelo hacia un objetivo com\u00fan: promover a la Ciudad de M\u00e9xico y fortalecer el papel del Aeropuerto Internacional Benito Ju\u00e1rez, como su principal punto de conexi\u00f3n con el mundo. El convenio tiene el prop\u00f3sito de impulsar el turismo y el arte de la Ciudad de M\u00e9xico, as\u00ed como la conclusi\u00f3n de la terminal a\u00e9rea capitalina.<\/p>\n","protected":false},"excerpt":{"rendered":"<p>-Es una pieza de bienvenida, proyecci\u00f3n tur\u00edstica y cultural de la CDMX, fue creada por artistas urbanos y se estren\u00f3 en el pasado Tianguis Tur\u00edstico Formas e im\u00e1genes multicolores de grandeza, tradici\u00f3n, modernidad y cultura as\u00ed como referencias a los sitios y monumentos distintivos de la capital mexicana, los cuales reflejan una fuerte identidad hist\u00f3rica, [&hellip;]<\/p>\n","protected":false},"author":1,"featured_media":92093,"comment_status":"closed","ping_status":"closed","sticky":false,"template":"","format":"standard","meta":{"footnotes":""},"categories":[35],"tags":[],"class_list":["post-92092","post","type-post","status-publish","format-standard","has-post-thumbnail","hentry","category-cdmx"],"_links":{"self":[{"href":"https:\/\/elinformante.mx\/index.php?rest_route=\/wp\/v2\/posts\/92092","targetHints":{"allow":["GET"]}}],"collection":[{"href":"https:\/\/elinformante.mx\/index.php?rest_route=\/wp\/v2\/posts"}],"about":[{"href":"https:\/\/elinformante.mx\/index.php?rest_route=\/wp\/v2\/types\/post"}],"author":[{"embeddable":true,"href":"https:\/\/elinformante.mx\/index.php?rest_route=\/wp\/v2\/users\/1"}],"replies":[{"embeddable":true,"href":"https:\/\/elinformante.mx\/index.php?rest_route=%2Fwp%2Fv2%2Fcomments&post=92092"}],"version-history":[{"count":0,"href":"https:\/\/elinformante.mx\/index.php?rest_route=\/wp\/v2\/posts\/92092\/revisions"}],"wp:featuredmedia":[{"embeddable":true,"href":"https:\/\/elinformante.mx\/index.php?rest_route=\/wp\/v2\/media\/92093"}],"wp:attachment":[{"href":"https:\/\/elinformante.mx\/index.php?rest_route=%2Fwp%2Fv2%2Fmedia&parent=92092"}],"wp:term":[{"taxonomy":"category","embeddable":true,"href":"https:\/\/elinformante.mx\/index.php?rest_route=%2Fwp%2Fv2%2Fcategories&post=92092"},{"taxonomy":"post_tag","embeddable":true,"href":"https:\/\/elinformante.mx\/index.php?rest_route=%2Fwp%2Fv2%2Ftags&post=92092"}],"curies":[{"name":"wp","href":"https:\/\/api.w.org\/{rel}","templated":true}]}}