{"id":92097,"date":"2025-09-03T06:51:38","date_gmt":"2025-09-03T12:51:38","guid":{"rendered":"https:\/\/elinformante.mx\/?p=92097"},"modified":"2025-09-03T06:52:24","modified_gmt":"2025-09-03T12:52:24","slug":"asiste-evelyn-salgado-a-la-instalacion-de-la-nueva-suprema-corte-de-justicia-de-la-nacion","status":"publish","type":"post","link":"https:\/\/elinformante.mx\/?p=92097","title":{"rendered":"Asiste Evelyn Salgado a la instalaci\u00f3n de la nueva Suprema Corte de Justicia de la Naci\u00f3n"},"content":{"rendered":"\n<figure class=\"wp-block-pullquote\"><blockquote><p>-La gobernadora de Guerrero reconoce la apertura de la Corte al pueblo de M\u00e9xico<\/p><\/blockquote><\/figure>\n\n\n\n<p class=\"has-drop-cap\">En un momento hist\u00f3rico en la vida democr\u00e1tica del pa\u00eds, la gobernadora de Guerrero, Evelyn Salgado Pineda, asisti\u00f3 a la sesi\u00f3n solemne de instalaci\u00f3n de la nueva Suprema Corte de Justicia de la Naci\u00f3n, donde por primera vez este m\u00e1ximo tribunal abri\u00f3 sus puertas al pueblo de M\u00e9xico.<br><\/p>\n\n\n\n<p>\u201cCon la toma de protesta del ministro presidente Hugo Aguilar Ortiz, junto con las ministras y ministros que integran este m\u00e1ximo tribunal, inicia una nueva etapa en la defensa de la Constituci\u00f3n y en la garant\u00eda de los derechos de todas y todos\u201d, coment\u00f3 la mandataria guerrerense.<br><\/p>\n\n\n\n<p>La mandataria guerrerense expres\u00f3 sus mejores deseos al Magistrado Presidente, Hugo Aguilar Ortiz, as\u00ed como a las ministras, Lenia Batres Guadarrama, Yasm\u00edn Esquivel Mossa, Loretta Ortiz Ahlf, Mar\u00eda Estela R\u00edos Gonz\u00e1lez, Sara Irene Herrer\u00edas Guerra; a los ministros Giovanni Azael Figueroa Mej\u00eda, Irving Espinosa Betanzos y Ar\u00edstides Rodrigo Guerrero Garc\u00eda, quienes a partir de este d\u00eda tendr\u00e1n la responsabilidad hist\u00f3rica de impartir justicia con apego a la Constituci\u00f3n.<br><\/p>\n\n\n\n<p>\u201cMi m\u00e1s sincera felicitaci\u00f3n y reconocimiento a la Suprema Corte, pilar de nuestra democracia y del Estado de Derecho en M\u00e9xico\u201d, afirm\u00f3 la gobernadora.<br><\/p>\n\n\n\n<p>Luego de que las y los ministros electos rindieran protesta en el Senado de la Rep\u00fablica, Evelyn Salgado, reconoci\u00f3 como un acto hist\u00f3rico y de transformaci\u00f3n la apertura de las puertas Corte de la Naci\u00f3n al pueblo de M\u00e9xico.<\/p>\n","protected":false},"excerpt":{"rendered":"<p>-La gobernadora de Guerrero reconoce la apertura de la Corte al pueblo de M\u00e9xico En un momento hist\u00f3rico en la vida democr\u00e1tica del pa\u00eds, la gobernadora de Guerrero, Evelyn Salgado Pineda, asisti\u00f3 a la sesi\u00f3n solemne de instalaci\u00f3n de la nueva Suprema Corte de Justicia de la Naci\u00f3n, donde por primera vez este m\u00e1ximo tribunal [&hellip;]<\/p>\n","protected":false},"author":1,"featured_media":92098,"comment_status":"closed","ping_status":"closed","sticky":false,"template":"","format":"standard","meta":{"footnotes":""},"categories":[34],"tags":[],"class_list":["post-92097","post","type-post","status-publish","format-standard","has-post-thumbnail","hentry","category-nacional"],"_links":{"self":[{"href":"https:\/\/elinformante.mx\/index.php?rest_route=\/wp\/v2\/posts\/92097","targetHints":{"allow":["GET"]}}],"collection":[{"href":"https:\/\/elinformante.mx\/index.php?rest_route=\/wp\/v2\/posts"}],"about":[{"href":"https:\/\/elinformante.mx\/index.php?rest_route=\/wp\/v2\/types\/post"}],"author":[{"embeddable":true,"href":"https:\/\/elinformante.mx\/index.php?rest_route=\/wp\/v2\/users\/1"}],"replies":[{"embeddable":true,"href":"https:\/\/elinformante.mx\/index.php?rest_route=%2Fwp%2Fv2%2Fcomments&post=92097"}],"version-history":[{"count":0,"href":"https:\/\/elinformante.mx\/index.php?rest_route=\/wp\/v2\/posts\/92097\/revisions"}],"wp:featuredmedia":[{"embeddable":true,"href":"https:\/\/elinformante.mx\/index.php?rest_route=\/wp\/v2\/media\/92098"}],"wp:attachment":[{"href":"https:\/\/elinformante.mx\/index.php?rest_route=%2Fwp%2Fv2%2Fmedia&parent=92097"}],"wp:term":[{"taxonomy":"category","embeddable":true,"href":"https:\/\/elinformante.mx\/index.php?rest_route=%2Fwp%2Fv2%2Fcategories&post=92097"},{"taxonomy":"post_tag","embeddable":true,"href":"https:\/\/elinformante.mx\/index.php?rest_route=%2Fwp%2Fv2%2Ftags&post=92097"}],"curies":[{"name":"wp","href":"https:\/\/api.w.org\/{rel}","templated":true}]}}