{"id":92110,"date":"2025-09-03T07:26:14","date_gmt":"2025-09-03T13:26:14","guid":{"rendered":"https:\/\/elinformante.mx\/?p=92110"},"modified":"2025-09-03T07:26:28","modified_gmt":"2025-09-03T13:26:28","slug":"fortalecer-y-profesionalizar-a-policias-estatales-para-combatir-la-delincuencia-garcia-harfuch","status":"publish","type":"post","link":"https:\/\/elinformante.mx\/?p=92110","title":{"rendered":"FORTALECER Y PROFESIONALIZAR A POLIC\u00cdAS ESTATALES PARA COMBATIR LA DELINCUENCIA: GARC\u00cdA HARFUCH"},"content":{"rendered":"\n<figure class=\"wp-block-pullquote\"><blockquote><p>-Se\u00f1al\u00f3 el secretario de Seguridad que el fortalecimiento de las polic\u00edas estatales es una condici\u00f3n indispensable para enfrentar la inseguridad.<\/p><\/blockquote><\/figure>\n\n\n\n<p class=\"has-drop-cap\">El Gobierno de M\u00e9xico y de los 32 estados del pa\u00eds acordaron por unanimidad fortalecer y profesionalizar a las polic\u00edas estatales, en un esfuerzo por mejorar el combate a la violencia y los delitos.<br><\/p>\n\n\n\n<p>\u201cSe trata de una condici\u00f3n indispensable para enfrentar la inseguridad\u201d, dijo Omar Garc\u00eda Harfuch, secretario de Seguridad federal.<br><\/p>\n\n\n\n<p>Esta decisi\u00f3n fue tomada durante la reuni\u00f3n del Consejo Nacional de Seguridad P\u00fablica y consolida el giro en seguridad iniciado con la actual administraci\u00f3n hace casi un a\u00f1o, seg\u00fan analistas.<br><\/p>\n\n\n\n<p>La decisi\u00f3n tiene lugar el mismo d\u00eda que el secretario de Estado estadounidense, Marco Rubio, lleg\u00f3 al pa\u00eds y justo cuando la administraci\u00f3n de Donald Trump est\u00e1 pisando el acelerador en su lucha contra los c\u00e1rteles.<br><\/p>\n\n\n\n<figure class=\"wp-block-image size-large\"><img fetchpriority=\"high\" decoding=\"async\" width=\"1024\" height=\"506\" src=\"https:\/\/elinformante.mx\/wp-content\/uploads\/2025\/09\/9harfuch-3-1024x506.jpg\" alt=\"\" class=\"wp-image-92112\" srcset=\"https:\/\/elinformante.mx\/wp-content\/uploads\/2025\/09\/9harfuch-3-1024x506.jpg 1024w, https:\/\/elinformante.mx\/wp-content\/uploads\/2025\/09\/9harfuch-3-300x148.jpg 300w, https:\/\/elinformante.mx\/wp-content\/uploads\/2025\/09\/9harfuch-3-768x379.jpg 768w, https:\/\/elinformante.mx\/wp-content\/uploads\/2025\/09\/9harfuch-3.jpg 1140w\" sizes=\"(max-width: 1024px) 100vw, 1024px\" \/><\/figure>\n\n\n\n<p>En la primera reuni\u00f3n del Consejo Nacional de Seguridad se retom\u00f3 el tema, pero se estableci\u00f3 una hoja de ruta para que los estados presenten un plan de reclutamiento a partir del a\u00f1o pr\u00f3ximo y tengan academias policiales homologadas para 2028.<br><\/p>\n\n\n\n<p>Se aspira a aumentar el n\u00famero de los ministerios p\u00fablicos de las fiscal\u00edas locales y a profesionalizarlos, otro elemento clave para luchar contra la impunidad en el pa\u00eds.<br><\/p>\n\n\n\n<p>Seg\u00fan dijo Sheinbaum en la sesi\u00f3n abierta del encuentro, el objetivo ahora es \u201caterrizar\u201d la estrategia federal en cada estado, incluidas las nuevas leyes para enfrentar delitos como la extorsi\u00f3n o la desaparici\u00f3n de personas.<br><\/p>\n\n\n\n<p>Pese a que todos los gobernadores votaron a favor, algunos, como Pablo Lemus, de Movimiento Ciudadano, de Jalisco, pidieron m\u00e1s apoyo financiero para lograrlo.<\/p>\n\n\n\n<figure class=\"wp-block-image size-large\"><img decoding=\"async\" width=\"1024\" height=\"506\" src=\"https:\/\/elinformante.mx\/wp-content\/uploads\/2025\/09\/9harfuch-2-1024x506.jpg\" alt=\"\" class=\"wp-image-92113\" srcset=\"https:\/\/elinformante.mx\/wp-content\/uploads\/2025\/09\/9harfuch-2-1024x506.jpg 1024w, https:\/\/elinformante.mx\/wp-content\/uploads\/2025\/09\/9harfuch-2-300x148.jpg 300w, https:\/\/elinformante.mx\/wp-content\/uploads\/2025\/09\/9harfuch-2-768x379.jpg 768w, https:\/\/elinformante.mx\/wp-content\/uploads\/2025\/09\/9harfuch-2.jpg 1140w\" sizes=\"(max-width: 1024px) 100vw, 1024px\" \/><\/figure>\n","protected":false},"excerpt":{"rendered":"<p>-Se\u00f1al\u00f3 el secretario de Seguridad que el fortalecimiento de las polic\u00edas estatales es una condici\u00f3n indispensable para enfrentar la inseguridad. El Gobierno de M\u00e9xico y de los 32 estados del pa\u00eds acordaron por unanimidad fortalecer y profesionalizar a las polic\u00edas estatales, en un esfuerzo por mejorar el combate a la violencia y los delitos. \u201cSe [&hellip;]<\/p>\n","protected":false},"author":1,"featured_media":92111,"comment_status":"closed","ping_status":"closed","sticky":false,"template":"","format":"standard","meta":{"footnotes":""},"categories":[30,34,31],"tags":[47],"class_list":["post-92110","post","type-post","status-publish","format-standard","has-post-thumbnail","hentry","category-destacado","category-nacional","category-portada","tag-portadanacional"],"_links":{"self":[{"href":"https:\/\/elinformante.mx\/index.php?rest_route=\/wp\/v2\/posts\/92110","targetHints":{"allow":["GET"]}}],"collection":[{"href":"https:\/\/elinformante.mx\/index.php?rest_route=\/wp\/v2\/posts"}],"about":[{"href":"https:\/\/elinformante.mx\/index.php?rest_route=\/wp\/v2\/types\/post"}],"author":[{"embeddable":true,"href":"https:\/\/elinformante.mx\/index.php?rest_route=\/wp\/v2\/users\/1"}],"replies":[{"embeddable":true,"href":"https:\/\/elinformante.mx\/index.php?rest_route=%2Fwp%2Fv2%2Fcomments&post=92110"}],"version-history":[{"count":0,"href":"https:\/\/elinformante.mx\/index.php?rest_route=\/wp\/v2\/posts\/92110\/revisions"}],"wp:featuredmedia":[{"embeddable":true,"href":"https:\/\/elinformante.mx\/index.php?rest_route=\/wp\/v2\/media\/92111"}],"wp:attachment":[{"href":"https:\/\/elinformante.mx\/index.php?rest_route=%2Fwp%2Fv2%2Fmedia&parent=92110"}],"wp:term":[{"taxonomy":"category","embeddable":true,"href":"https:\/\/elinformante.mx\/index.php?rest_route=%2Fwp%2Fv2%2Fcategories&post=92110"},{"taxonomy":"post_tag","embeddable":true,"href":"https:\/\/elinformante.mx\/index.php?rest_route=%2Fwp%2Fv2%2Ftags&post=92110"}],"curies":[{"name":"wp","href":"https:\/\/api.w.org\/{rel}","templated":true}]}}