{"id":92135,"date":"2025-09-04T05:40:42","date_gmt":"2025-09-04T11:40:42","guid":{"rendered":"https:\/\/elinformante.mx\/?p=92135"},"modified":"2025-09-04T05:40:49","modified_gmt":"2025-09-04T11:40:49","slug":"mexicaltzingo-mantiene-su-compromiso-con-la-educacion-saray-benitez","status":"publish","type":"post","link":"https:\/\/elinformante.mx\/?p=92135","title":{"rendered":"Mexicaltzingo mantiene su compromiso con la educaci\u00f3n: Saray Ben\u00edtez"},"content":{"rendered":"\n<figure class=\"wp-block-pullquote\"><blockquote><p>Afirm\u00f3 que el gobierno del Estado de M\u00e9xico se encuentra comprometido con la educaci\u00f3n y el bienestar de las familias mexiquenses.<\/p><\/blockquote><\/figure>\n\n\n\n<p class=\"has-drop-cap\">La presidenta municipal de Mexicaltzingo, Saray Ben\u00edtez Espinosa, realiz\u00f3 la entrega de mochilas y \u00fatiles escolares como parte del programa \u201cEstrategia Integral para el Bienestar de la Comunidad Escolar 2025-2026\u201d.<br><\/p>\n\n\n\n<p>Ben\u00edtez Espinosa mencion\u00f3 que este programa es impulsado por el gobierno del Estado de M\u00e9xico que encabeza la gobernadora Delfina G\u00f3mez \u00c1lvarez.<br><\/p>\n\n\n\n<p>Durante el evento que se realiz\u00f3 ante alumnos y padres de familia reconoci\u00f3 que este apoyo representa un respaldo directo a nuestras ni\u00f1as, ni\u00f1os y j\u00f3venes para que tengan un inicio de ciclo escolar lleno de oportunidades<br><\/p>\n\n\n\n<figure class=\"wp-block-image size-large\"><img fetchpriority=\"high\" decoding=\"async\" width=\"1024\" height=\"506\" src=\"https:\/\/elinformante.mx\/wp-content\/uploads\/2025\/09\/13mexi-2-1-1024x506.jpg\" alt=\"\" class=\"wp-image-92137\" srcset=\"https:\/\/elinformante.mx\/wp-content\/uploads\/2025\/09\/13mexi-2-1-1024x506.jpg 1024w, https:\/\/elinformante.mx\/wp-content\/uploads\/2025\/09\/13mexi-2-1-300x148.jpg 300w, https:\/\/elinformante.mx\/wp-content\/uploads\/2025\/09\/13mexi-2-1-768x379.jpg 768w, https:\/\/elinformante.mx\/wp-content\/uploads\/2025\/09\/13mexi-2-1.jpg 1140w\" sizes=\"(max-width: 1024px) 100vw, 1024px\" \/><\/figure>\n\n\n\n<p>Y afirm\u00f3 que el gobierno del Estado de M\u00e9xico se encuentra comprometido con la educaci\u00f3n y el bienestar de las familias mexiquenses.<br><\/p>\n\n\n\n<p>Adem\u00e1s se reuni\u00f3 con la titular del Fideicomiso para el Desarrollo del Deporte del IMSS, Debora Saenz Saldivar, a quien agradeci\u00f3 por seguir manteniendo el objetivo de seguir trabajando en favor de las familias de Mexicaltzingo.<br><\/p>\n\n\n\n<p>Afirm\u00f3 que su gobierno cree profundamente en continuar invirtiendo en mejorar las instalaciones deportivas, adem\u00e1s de seguir reconstruyendo el tejido social y tener una mejor comunidad.<\/p>\n","protected":false},"excerpt":{"rendered":"<p>Afirm\u00f3 que el gobierno del Estado de M\u00e9xico se encuentra comprometido con la educaci\u00f3n y el bienestar de las familias mexiquenses. La presidenta municipal de Mexicaltzingo, Saray Ben\u00edtez Espinosa, realiz\u00f3 la entrega de mochilas y \u00fatiles escolares como parte del programa \u201cEstrategia Integral para el Bienestar de la Comunidad Escolar 2025-2026\u201d. Ben\u00edtez Espinosa mencion\u00f3 que [&hellip;]<\/p>\n","protected":false},"author":1,"featured_media":92136,"comment_status":"closed","ping_status":"closed","sticky":false,"template":"","format":"standard","meta":{"footnotes":""},"categories":[30,36],"tags":[],"class_list":["post-92135","post","type-post","status-publish","format-standard","has-post-thumbnail","hentry","category-destacado","category-edomex"],"_links":{"self":[{"href":"https:\/\/elinformante.mx\/index.php?rest_route=\/wp\/v2\/posts\/92135","targetHints":{"allow":["GET"]}}],"collection":[{"href":"https:\/\/elinformante.mx\/index.php?rest_route=\/wp\/v2\/posts"}],"about":[{"href":"https:\/\/elinformante.mx\/index.php?rest_route=\/wp\/v2\/types\/post"}],"author":[{"embeddable":true,"href":"https:\/\/elinformante.mx\/index.php?rest_route=\/wp\/v2\/users\/1"}],"replies":[{"embeddable":true,"href":"https:\/\/elinformante.mx\/index.php?rest_route=%2Fwp%2Fv2%2Fcomments&post=92135"}],"version-history":[{"count":0,"href":"https:\/\/elinformante.mx\/index.php?rest_route=\/wp\/v2\/posts\/92135\/revisions"}],"wp:featuredmedia":[{"embeddable":true,"href":"https:\/\/elinformante.mx\/index.php?rest_route=\/wp\/v2\/media\/92136"}],"wp:attachment":[{"href":"https:\/\/elinformante.mx\/index.php?rest_route=%2Fwp%2Fv2%2Fmedia&parent=92135"}],"wp:term":[{"taxonomy":"category","embeddable":true,"href":"https:\/\/elinformante.mx\/index.php?rest_route=%2Fwp%2Fv2%2Fcategories&post=92135"},{"taxonomy":"post_tag","embeddable":true,"href":"https:\/\/elinformante.mx\/index.php?rest_route=%2Fwp%2Fv2%2Ftags&post=92135"}],"curies":[{"name":"wp","href":"https:\/\/api.w.org\/{rel}","templated":true}]}}