{"id":92159,"date":"2025-09-04T06:16:47","date_gmt":"2025-09-04T12:16:47","guid":{"rendered":"https:\/\/elinformante.mx\/?p=92159"},"modified":"2025-09-04T06:16:59","modified_gmt":"2025-09-04T12:16:59","slug":"bajan-casos-de-extorsion-26-en-el-edomex-durante-este-2025-delfina-gomez","status":"publish","type":"post","link":"https:\/\/elinformante.mx\/?p=92159","title":{"rendered":"Bajan casos de extorsi\u00f3n 26% en el Edom\u00e9x durante este 2025: Delfina G\u00f3mez"},"content":{"rendered":"\n<figure class=\"wp-block-pullquote\"><blockquote><p>-Destaca la implementaci\u00f3n de la \u201cOperaci\u00f3n Liberaci\u00f3n\u201d en 14 municipios mexiquenses.<\/p><\/blockquote><\/figure>\n\n\n\n<p class=\"has-drop-cap\">Durante la Mesa de Coordinaci\u00f3n para la Construcci\u00f3n de la Paz, la Fiscal\u00eda General de Justicia del Estado de M\u00e9xico inform\u00f3 que del primero de enero al 31 de agosto de 2025 en comparaci\u00f3n con el mismo periodo de 2024, se ha logrado una disminuci\u00f3n del 26% en el delito de extorsi\u00f3n en la entidad.<br><\/p>\n\n\n\n<figure class=\"wp-block-image size-large\"><img fetchpriority=\"high\" decoding=\"async\" width=\"1024\" height=\"506\" src=\"https:\/\/elinformante.mx\/wp-content\/uploads\/2025\/09\/8bajan-3-1024x506.jpg\" alt=\"\" class=\"wp-image-92161\" srcset=\"https:\/\/elinformante.mx\/wp-content\/uploads\/2025\/09\/8bajan-3-1024x506.jpg 1024w, https:\/\/elinformante.mx\/wp-content\/uploads\/2025\/09\/8bajan-3-300x148.jpg 300w, https:\/\/elinformante.mx\/wp-content\/uploads\/2025\/09\/8bajan-3-768x379.jpg 768w, https:\/\/elinformante.mx\/wp-content\/uploads\/2025\/09\/8bajan-3.jpg 1140w\" sizes=\"(max-width: 1024px) 100vw, 1024px\" \/><\/figure>\n\n\n\n<p>En este marco, se subray\u00f3 el trabajo conjunto que han realizado el Gobierno de M\u00e9xico, el Gobierno del Estado de M\u00e9xico y 14 municipios con la implementaci\u00f3n de la \u201cOperaci\u00f3n Liberaci\u00f3n\u201d, enfocada en desmantelar redes criminales vinculadas con la extorsi\u00f3n.<br><\/p>\n\n\n\n<figure class=\"wp-block-image size-large\"><img decoding=\"async\" width=\"1024\" height=\"506\" src=\"https:\/\/elinformante.mx\/wp-content\/uploads\/2025\/09\/8bajan-1024x506.jpg\" alt=\"\" class=\"wp-image-92162\" srcset=\"https:\/\/elinformante.mx\/wp-content\/uploads\/2025\/09\/8bajan-1024x506.jpg 1024w, https:\/\/elinformante.mx\/wp-content\/uploads\/2025\/09\/8bajan-300x148.jpg 300w, https:\/\/elinformante.mx\/wp-content\/uploads\/2025\/09\/8bajan-768x379.jpg 768w, https:\/\/elinformante.mx\/wp-content\/uploads\/2025\/09\/8bajan.jpg 1140w\" sizes=\"(max-width: 1024px) 100vw, 1024px\" \/><\/figure>\n\n\n\n<p>La estrategia ha sido efectiva gracias a la denuncia ciudadana, la cual se puede realizar de forma an\u00f3nima a trav\u00e9s de la L\u00ednea Nacional 089, mecanismo que permite a las autoridades competentes atender y dar seguimiento a cada caso para proteger la econom\u00eda local y la tranquilidad de las familias mexiquenses. Para impulsar la denuncia y parar ese delito se ha establecido una campa\u00f1a de denuncia an\u00f3nima en coordinaci\u00f3n entre el Gobierno de la Presidenta Claudia Sheinbaum, la Gobernadora Delfina G\u00f3mez y m\u00faltiples municipios mexiquenses.<br><\/p>\n\n\n\n<figure class=\"wp-block-image size-large\"><img decoding=\"async\" width=\"1024\" height=\"506\" src=\"https:\/\/elinformante.mx\/wp-content\/uploads\/2025\/09\/8bajan-4-1024x506.jpg\" alt=\"\" class=\"wp-image-92163\" srcset=\"https:\/\/elinformante.mx\/wp-content\/uploads\/2025\/09\/8bajan-4-1024x506.jpg 1024w, https:\/\/elinformante.mx\/wp-content\/uploads\/2025\/09\/8bajan-4-300x148.jpg 300w, https:\/\/elinformante.mx\/wp-content\/uploads\/2025\/09\/8bajan-4-768x379.jpg 768w, https:\/\/elinformante.mx\/wp-content\/uploads\/2025\/09\/8bajan-4.jpg 1140w\" sizes=\"(max-width: 1024px) 100vw, 1024px\" \/><\/figure>\n\n\n\n<p>A la sesi\u00f3n n\u00famero 489 asistieron Horacio Duarte Olivares, Secretario General de Gobierno; Crist\u00f3bal Casta\u00f1eda Camarillo, Secretario de Seguridad estatal; Maricela L\u00f3pez Urbina, Secretaria T\u00e9cnica de la Mesa; Jos\u00e9 Luis Cervantes Mart\u00ednez, Fiscal General de Justicia del Estado de M\u00e9xico; as\u00ed como representantes de la Secretar\u00eda de la Defensa Nacional, Secretar\u00eda de Marina, Guardia Nacional y el Centro Nacional de Inteligencia.<\/p>\n","protected":false},"excerpt":{"rendered":"<p>-Destaca la implementaci\u00f3n de la \u201cOperaci\u00f3n Liberaci\u00f3n\u201d en 14 municipios mexiquenses. Durante la Mesa de Coordinaci\u00f3n para la Construcci\u00f3n de la Paz, la Fiscal\u00eda General de Justicia del Estado de M\u00e9xico inform\u00f3 que del primero de enero al 31 de agosto de 2025 en comparaci\u00f3n con el mismo periodo de 2024, se ha logrado una [&hellip;]<\/p>\n","protected":false},"author":1,"featured_media":92160,"comment_status":"closed","ping_status":"closed","sticky":false,"template":"","format":"standard","meta":{"footnotes":""},"categories":[30,36,31],"tags":[46],"class_list":["post-92159","post","type-post","status-publish","format-standard","has-post-thumbnail","hentry","category-destacado","category-edomex","category-portada","tag-portadaedomex"],"_links":{"self":[{"href":"https:\/\/elinformante.mx\/index.php?rest_route=\/wp\/v2\/posts\/92159","targetHints":{"allow":["GET"]}}],"collection":[{"href":"https:\/\/elinformante.mx\/index.php?rest_route=\/wp\/v2\/posts"}],"about":[{"href":"https:\/\/elinformante.mx\/index.php?rest_route=\/wp\/v2\/types\/post"}],"author":[{"embeddable":true,"href":"https:\/\/elinformante.mx\/index.php?rest_route=\/wp\/v2\/users\/1"}],"replies":[{"embeddable":true,"href":"https:\/\/elinformante.mx\/index.php?rest_route=%2Fwp%2Fv2%2Fcomments&post=92159"}],"version-history":[{"count":0,"href":"https:\/\/elinformante.mx\/index.php?rest_route=\/wp\/v2\/posts\/92159\/revisions"}],"wp:featuredmedia":[{"embeddable":true,"href":"https:\/\/elinformante.mx\/index.php?rest_route=\/wp\/v2\/media\/92160"}],"wp:attachment":[{"href":"https:\/\/elinformante.mx\/index.php?rest_route=%2Fwp%2Fv2%2Fmedia&parent=92159"}],"wp:term":[{"taxonomy":"category","embeddable":true,"href":"https:\/\/elinformante.mx\/index.php?rest_route=%2Fwp%2Fv2%2Fcategories&post=92159"},{"taxonomy":"post_tag","embeddable":true,"href":"https:\/\/elinformante.mx\/index.php?rest_route=%2Fwp%2Fv2%2Ftags&post=92159"}],"curies":[{"name":"wp","href":"https:\/\/api.w.org\/{rel}","templated":true}]}}