{"id":92171,"date":"2025-09-04T06:29:07","date_gmt":"2025-09-04T12:29:07","guid":{"rendered":"https:\/\/elinformante.mx\/?p=92171"},"modified":"2025-09-04T06:29:16","modified_gmt":"2025-09-04T12:29:16","slug":"alista-clara-brugada-protocolo-de-seguridad-para-el-concierto-de-residente-y-el-grito-de-independencia","status":"publish","type":"post","link":"https:\/\/elinformante.mx\/?p=92171","title":{"rendered":"Alista Clara Brugada Protocolo de Seguridad para el concierto de Residente y el Grito de Independencia"},"content":{"rendered":"\n<figure class=\"wp-block-pullquote\"><blockquote><p>La funcionaria comparti\u00f3 tambi\u00e9n una serie de recomendaciones para el p\u00fablico.<\/p><\/blockquote><\/figure>\n\n\n\n<p class=\"has-drop-cap\">El Gobierno de la Ciudad de M\u00e9xico, encabezado por Clara Brugada Molina, a trav\u00e9s de la Secretar\u00eda de Gesti\u00f3n Integral de Riesgos y Protecci\u00f3n Civil (SGIRPC), inform\u00f3 que, con motivo de los eventos masivos programados para este s\u00e1bado \u2014concierto gratuito de Residente en el Z\u00f3calo capitalino\u2014 y el 15 de septiembre \u2014Grito de Independencia en Palacio Nacional y concierto de La Arrolladora Banda El Lim\u00f3n\u2014 se activar\u00e1 el protocolo de seguridad y protecci\u00f3n civil para la atenci\u00f3n a emergencias, que se aplica en celebraciones masivas.<br><\/p>\n\n\n\n<p>La titular de la SGIRPC, Myriam Urz\u00faa Venegas, explic\u00f3 que como parte de estas medidas se instalar\u00e1 la denominada Cruz de Vida, un dispositivo que facilita el acceso y la r\u00e1pida intervenci\u00f3n de los servicios de emergencia, as\u00ed como la extracci\u00f3n de personas que requieran auxilio m\u00e9dico.<br><\/p>\n\n\n\n<p>Asimismo, se\u00f1al\u00f3 que durante los eventos habr\u00e1 un monitoreo permanente y coordinaci\u00f3n interinstitucional con equipos de atenci\u00f3n de emergencias de la Ciudad de M\u00e9xico, en estrecha colaboraci\u00f3n con la Secretar\u00eda de Gobierno capitalino, con el fin de garantizar la seguridad de las y los asistentes.<br><\/p>\n\n\n\n<p>La funcionaria comparti\u00f3 tambi\u00e9n una serie de recomendaciones para el p\u00fablico, entre ellas, identificar al personal de seguridad y protecci\u00f3n civil; seguir en todo momento las indicaciones de las autoridades; mantenerse hidratados; evitar cargar bultos grandes u objetos voluminosos; consultar el pron\u00f3stico meteorol\u00f3gico y llevar paraguas o impermeable en caso necesario; abstenerse de consumir o ingresar bebidas alcoh\u00f3licas; acordar puntos de reuni\u00f3n con acompa\u00f1antes en caso de extrav\u00edo, y ubicar previamente las salidas de emergencia y m\u00f3dulos de atenci\u00f3n m\u00e9dica.<br><\/p>\n\n\n\n<p>Respecto a la ceremonia del 15 de Septiembre, Urz\u00faa Venegas puntualiz\u00f3 que la SGIRPC se encuentra en coordinaci\u00f3n con el gobierno federal para implementar un operativo especial que garantice que los festejos patrios se desarrollen en un ambiente pac\u00edfico y seguro.<br><\/p>\n\n\n\n<p>\u201cEstamos trabajando para que la ciudadan\u00eda pueda disfrutar de estos encuentros culturales y pol\u00edticos de manera protegida y en condiciones de prevenci\u00f3n\u201d, afirm\u00f3.<\/p>\n","protected":false},"excerpt":{"rendered":"<p>La funcionaria comparti\u00f3 tambi\u00e9n una serie de recomendaciones para el p\u00fablico. El Gobierno de la Ciudad de M\u00e9xico, encabezado por Clara Brugada Molina, a trav\u00e9s de la Secretar\u00eda de Gesti\u00f3n Integral de Riesgos y Protecci\u00f3n Civil (SGIRPC), inform\u00f3 que, con motivo de los eventos masivos programados para este s\u00e1bado \u2014concierto gratuito de Residente en el [&hellip;]<\/p>\n","protected":false},"author":1,"featured_media":92172,"comment_status":"closed","ping_status":"closed","sticky":false,"template":"","format":"standard","meta":{"footnotes":""},"categories":[35,30],"tags":[],"class_list":["post-92171","post","type-post","status-publish","format-standard","has-post-thumbnail","hentry","category-cdmx","category-destacado"],"_links":{"self":[{"href":"https:\/\/elinformante.mx\/index.php?rest_route=\/wp\/v2\/posts\/92171","targetHints":{"allow":["GET"]}}],"collection":[{"href":"https:\/\/elinformante.mx\/index.php?rest_route=\/wp\/v2\/posts"}],"about":[{"href":"https:\/\/elinformante.mx\/index.php?rest_route=\/wp\/v2\/types\/post"}],"author":[{"embeddable":true,"href":"https:\/\/elinformante.mx\/index.php?rest_route=\/wp\/v2\/users\/1"}],"replies":[{"embeddable":true,"href":"https:\/\/elinformante.mx\/index.php?rest_route=%2Fwp%2Fv2%2Fcomments&post=92171"}],"version-history":[{"count":0,"href":"https:\/\/elinformante.mx\/index.php?rest_route=\/wp\/v2\/posts\/92171\/revisions"}],"wp:featuredmedia":[{"embeddable":true,"href":"https:\/\/elinformante.mx\/index.php?rest_route=\/wp\/v2\/media\/92172"}],"wp:attachment":[{"href":"https:\/\/elinformante.mx\/index.php?rest_route=%2Fwp%2Fv2%2Fmedia&parent=92171"}],"wp:term":[{"taxonomy":"category","embeddable":true,"href":"https:\/\/elinformante.mx\/index.php?rest_route=%2Fwp%2Fv2%2Fcategories&post=92171"},{"taxonomy":"post_tag","embeddable":true,"href":"https:\/\/elinformante.mx\/index.php?rest_route=%2Fwp%2Fv2%2Ftags&post=92171"}],"curies":[{"name":"wp","href":"https:\/\/api.w.org\/{rel}","templated":true}]}}