{"id":92182,"date":"2025-09-04T06:43:53","date_gmt":"2025-09-04T12:43:53","guid":{"rendered":"https:\/\/elinformante.mx\/?p=92182"},"modified":"2025-09-04T06:43:56","modified_gmt":"2025-09-04T12:43:56","slug":"el-influjo-de-la-humanidad-en-la-adhesion-global","status":"publish","type":"post","link":"https:\/\/elinformante.mx\/?p=92182","title":{"rendered":"EL INFLUJO DE LA HUMANIDAD; EN LA ADHESI\u00d3N GLOBAL"},"content":{"rendered":"\n<figure class=\"wp-block-pullquote\"><blockquote><p><strong>Por: V\u00edctor Corcoba Herrero<\/strong><br>\u201cLos actos de empat\u00eda, totalmente desinteresados, de iniciativa propia y sin fines de lucro, son expresiones de entrega, para crear un astro m\u00e1s equitativo, sostenible y solidario, que apoye a las personas y puedan tener la familia que desean\u201d.<\/p><\/blockquote><\/figure>\n\n\n\n<p class=\"has-drop-cap\">Lo transcendental no es permanecer en viva acci\u00f3n, sino tambi\u00e9n perseverar humanitario; y, en consecuencia, nada de lo que sea humano debe resultarnos extra\u00f1o. No olvidemos que, el v\u00ednculo esencial que tenemos en com\u00fan, es que todos moramos en este peque\u00f1o planeta, respirando el mismo aire y bajo el mismo techo celeste. Nos merecemos entre s\u00ed, por tanto, la mano extendida como expresi\u00f3n de solidaridad integral e integradora. Indudablemente, en ese perdurar m\u00e1s all\u00e1 de la asistencia urgente, el esp\u00edritu ben\u00e9fico fortalece la inclusi\u00f3n de la salud, la educaci\u00f3n, la preservaci\u00f3n cultural y la protecci\u00f3n de los grupos vulnerables. Precisamente, aquello que se cultiva coraz\u00f3n a coraz\u00f3n, es lo que revoluciona y evoluciona mancomunado.<br><\/p>\n\n\n\n<p>En efecto, a poco que aunemos latidos conjuntos, germinar\u00e1 el verdadero afecto con su desprendimiento, haciendo que todo se reconduzca y progrese solidariamente, cuesti\u00f3n fundamental para abordar las causas m\u00e1s profundas de los desfavorecidos y las tremendas desigualdades. Pensemos en la pobreza, que no es solo falta de ingresos, tambi\u00e9n significa necesidad, exclusi\u00f3n, condiciones de vida inseguras y carencias como el acceso limitado a la formaci\u00f3n o a la atenci\u00f3n sanitaria. A prop\u00f3sito, la ONU reconoce que, en t\u00e9rminos de desarrollo, los gobiernos no pueden actuar solos y que el voluntariado y la filantrop\u00eda c\u00edvicas desempe\u00f1an un papel esencial, tanto para aumentar la concienciaci\u00f3n acerca de la dificultad de los desaf\u00edos, como para impulsar una gesta colectiva en temas mundiales.<br><\/p>\n\n\n\n<p>Justamente, somos fragmentos necesarios e imprescindibles, con la facultad de esclarecer y aclarar, con el coraje o \u00e1nimo de agente y los sentidos que obedecen a la raz\u00f3n. Porque, tras este lenguaje meditativo en busca de alianzas, es lo que incrementa la confianza entre los diversos grupos, para construir y reconstruir el llamado capital benefactor. Eliminar las barreras sociales y culturales y crear cohesi\u00f3n, por consiguiente, ha de ser nuestro af\u00e1n y desvelo prioritario, desarrollando la resiliencia a trav\u00e9s de la haza\u00f1a comunitaria y mejorando el sentido de responsabilidad grupal. De lo contrario, la inhumanidad ser\u00e1 notoria y la indiferencia gobernar\u00e1 nuestro propio interior humano. Por ende, la atenci\u00f3n de los necesitados y a los que sufren, no es algo accesorio, sino sustancial.<br><\/p>\n\n\n\n<p>Desde luego, el influjo de la humanidad en la adhesi\u00f3n global es vital; al menos para que resurja la cooperaci\u00f3n frente a los desastres, naturales o provocados por el ser humano. El cambio clim\u00e1tico amenaza a quienes ya viven en la pobreza, haciendo m\u00e1s incierto el acceso a alimentos, agua y vivienda; pero, adem\u00e1s, la incertidumbre se ha convertido en el nuevo arancel que toda la econom\u00eda mundial est\u00e1 pagando. Sin duda, este aluvi\u00f3n de situaciones alienta y alimenta la volatilidad en las cadenas de suministro, erosionando la tranquilidad, por lo que habr\u00eda que restaurar la estabilidad y la previsibilidad con el fin de que las empresas inviertan, las econom\u00edas crezcan y el comercio cumpla su papel como motor de desarrollo general.<br><\/p>\n\n\n\n<p>Ante una realidad en la que se dan graves restricciones de todo tipo, el impulso benefactor que todos los seres humanos llevamos dentro, es primordial para mejorar el esp\u00edritu arm\u00f3nico y la concordia para todos. Los actos de empat\u00eda, totalmente desinteresados, de iniciativa propia y sin fines de lucro, son expresiones de entrega, para crear un astro m\u00e1s equitativo, sostenible y solidario, que apoye a las personas y puedan tener la familia que desean. En este sentido, nos alegra que j\u00f3venes de todo el mundo est\u00e9n creando empresas sociales, liderando la actuaci\u00f3n clim\u00e1tica y reinventando el desarrollo comunitario. Ellos son nuestra esperanza, as\u00ed como las herramientas digitales, que hacen que donar sea m\u00e1s accesible y transparente. La caridad, pues, es un deber. \u00a1Ejercit\u00e9mosla!<\/p>\n","protected":false},"excerpt":{"rendered":"<p>Por: V\u00edctor Corcoba Herrero\u201cLos actos de empat\u00eda, totalmente desinteresados, de iniciativa propia y sin fines de lucro, son expresiones de entrega, para crear un astro m\u00e1s equitativo, sostenible y solidario, que apoye a las personas y puedan tener la familia que desean\u201d. Lo transcendental no es permanecer en viva acci\u00f3n, sino tambi\u00e9n perseverar humanitario; y, [&hellip;]<\/p>\n","protected":false},"author":1,"featured_media":92183,"comment_status":"closed","ping_status":"closed","sticky":false,"template":"","format":"standard","meta":{"footnotes":""},"categories":[32],"tags":[],"class_list":["post-92182","post","type-post","status-publish","format-standard","has-post-thumbnail","hentry","category-editorial"],"_links":{"self":[{"href":"https:\/\/elinformante.mx\/index.php?rest_route=\/wp\/v2\/posts\/92182","targetHints":{"allow":["GET"]}}],"collection":[{"href":"https:\/\/elinformante.mx\/index.php?rest_route=\/wp\/v2\/posts"}],"about":[{"href":"https:\/\/elinformante.mx\/index.php?rest_route=\/wp\/v2\/types\/post"}],"author":[{"embeddable":true,"href":"https:\/\/elinformante.mx\/index.php?rest_route=\/wp\/v2\/users\/1"}],"replies":[{"embeddable":true,"href":"https:\/\/elinformante.mx\/index.php?rest_route=%2Fwp%2Fv2%2Fcomments&post=92182"}],"version-history":[{"count":0,"href":"https:\/\/elinformante.mx\/index.php?rest_route=\/wp\/v2\/posts\/92182\/revisions"}],"wp:featuredmedia":[{"embeddable":true,"href":"https:\/\/elinformante.mx\/index.php?rest_route=\/wp\/v2\/media\/92183"}],"wp:attachment":[{"href":"https:\/\/elinformante.mx\/index.php?rest_route=%2Fwp%2Fv2%2Fmedia&parent=92182"}],"wp:term":[{"taxonomy":"category","embeddable":true,"href":"https:\/\/elinformante.mx\/index.php?rest_route=%2Fwp%2Fv2%2Fcategories&post=92182"},{"taxonomy":"post_tag","embeddable":true,"href":"https:\/\/elinformante.mx\/index.php?rest_route=%2Fwp%2Fv2%2Ftags&post=92182"}],"curies":[{"name":"wp","href":"https:\/\/api.w.org\/{rel}","templated":true}]}}