{"id":92186,"date":"2025-09-04T06:52:37","date_gmt":"2025-09-04T12:52:37","guid":{"rendered":"https:\/\/elinformante.mx\/?p=92186"},"modified":"2025-09-04T06:52:41","modified_gmt":"2025-09-04T12:52:41","slug":"cooperacion-con-eua-respetando-la-soberania-y-la-integridad-territorial-sheinbaum-y-rubio","status":"publish","type":"post","link":"https:\/\/elinformante.mx\/?p=92186","title":{"rendered":"COOPERACI\u00d3N CON EUA RESPETANDO LA SOBERAN\u00cdA Y LA INTEGRIDAD TERRITORIAL: SHEINBAUM Y RUBIO"},"content":{"rendered":"\n<figure class=\"wp-block-pullquote\"><blockquote><p>Ambos gobiernos reafirman su determinaci\u00f3n de cooperar, proteger a la ciudadan\u00eda y hacer que las comunidades sean m\u00e1s seguras..<\/p><\/blockquote><\/figure>\n\n\n\n<p class=\"has-drop-cap\">Los gobiernos de M\u00e9xico y Estados Unidos reafirman su cooperaci\u00f3n en materia de seguridad, la cual se basa en los principios de reciprocidad, respeto a la soberan\u00eda e integridad territorial, responsabilidad compartida y diferenciada, as\u00ed como en la confianza mutua.<br><\/p>\n\n\n\n<p>El objetivo es trabajar juntos para desmantelar el crimen organizado transnacional mediante una cooperaci\u00f3n reforzada entre las respectivas instituciones de seguridad nacional, cuerpos de seguridad y autoridades judiciales.<br><\/p>\n\n\n\n<figure class=\"wp-block-image size-large\"><img fetchpriority=\"high\" decoding=\"async\" width=\"1024\" height=\"506\" src=\"https:\/\/elinformante.mx\/wp-content\/uploads\/2025\/09\/9claudia3-1024x506.jpg\" alt=\"\" class=\"wp-image-92188\" srcset=\"https:\/\/elinformante.mx\/wp-content\/uploads\/2025\/09\/9claudia3-1024x506.jpg 1024w, https:\/\/elinformante.mx\/wp-content\/uploads\/2025\/09\/9claudia3-300x148.jpg 300w, https:\/\/elinformante.mx\/wp-content\/uploads\/2025\/09\/9claudia3-768x379.jpg 768w, https:\/\/elinformante.mx\/wp-content\/uploads\/2025\/09\/9claudia3.jpg 1140w\" sizes=\"(max-width: 1024px) 100vw, 1024px\" \/><\/figure>\n\n\n\n<p>Adem\u00e1s, se colabora para atender el movimiento ilegal de personas a trav\u00e9s de la frontera. Esta cooperaci\u00f3n, a trav\u00e9s de acciones espec\u00edficas e inmediatas, fortalecer\u00e1 la seguridad a lo largo de la frontera compartida, detendr\u00e1 el tr\u00e1fico de fentanilo y otras drogas il\u00edcitas, y pondr\u00e1 fin al tr\u00e1fico de armas.<br><\/p>\n\n\n\n<p>Los dos gobiernos han establecido un grupo de implementaci\u00f3n de alto nivel que se reunir\u00e1 regularmente para dar seguimiento a los compromisos mutuos y las acciones tomadas dentro de sus propios pa\u00edses, incluyendo medidas para contrarrestar a los c\u00e1rteles, fortalecer la seguridad fronteriza, eliminar los t\u00faneles fronterizos clandestinos, abordar los flujos financieros il\u00edcitos, mejorar la colaboraci\u00f3n para prevenir el robo de combustible, incrementar las inspecciones, investigaciones y procesos judiciales para detener el flujo de drogas y armas.<br><\/p>\n\n\n\n<figure class=\"wp-block-image size-large\"><img decoding=\"async\" width=\"1024\" height=\"506\" src=\"https:\/\/elinformante.mx\/wp-content\/uploads\/2025\/09\/9claudia-6-1024x506.jpg\" alt=\"\" class=\"wp-image-92189\" srcset=\"https:\/\/elinformante.mx\/wp-content\/uploads\/2025\/09\/9claudia-6-1024x506.jpg 1024w, https:\/\/elinformante.mx\/wp-content\/uploads\/2025\/09\/9claudia-6-300x148.jpg 300w, https:\/\/elinformante.mx\/wp-content\/uploads\/2025\/09\/9claudia-6-768x379.jpg 768w, https:\/\/elinformante.mx\/wp-content\/uploads\/2025\/09\/9claudia-6.jpg 1140w\" sizes=\"(max-width: 1024px) 100vw, 1024px\" \/><\/figure>\n\n\n\n<p>La estrecha coordinaci\u00f3n ha permitido asegurar la frontera, reducir el tr\u00e1fico de fentanilo y avanzar en el intercambio de inteligencia, todo dentro de los respectivos marcos legales. Los dos gobiernos tienen la intenci\u00f3n de fortalecer a\u00fan m\u00e1s la colaboraci\u00f3n en materia de salud p\u00fablica y coordinar campa\u00f1as para prevenir el abuso de sustancias il\u00edcitas y opioides.<br><\/p>\n\n\n\n<p>Ambos gobiernos reafirman su determinaci\u00f3n de cooperar, proteger a la ciudadan\u00eda y hacer que las comunidades sean m\u00e1s seguras.<\/p>\n\n\n\n<figure class=\"wp-block-image size-large\"><img decoding=\"async\" width=\"1024\" height=\"506\" src=\"https:\/\/elinformante.mx\/wp-content\/uploads\/2025\/09\/9claudia2-1024x506.jpg\" alt=\"\" class=\"wp-image-92190\" srcset=\"https:\/\/elinformante.mx\/wp-content\/uploads\/2025\/09\/9claudia2-1024x506.jpg 1024w, https:\/\/elinformante.mx\/wp-content\/uploads\/2025\/09\/9claudia2-300x148.jpg 300w, https:\/\/elinformante.mx\/wp-content\/uploads\/2025\/09\/9claudia2-768x379.jpg 768w, https:\/\/elinformante.mx\/wp-content\/uploads\/2025\/09\/9claudia2.jpg 1140w\" sizes=\"(max-width: 1024px) 100vw, 1024px\" \/><\/figure>\n","protected":false},"excerpt":{"rendered":"<p>Ambos gobiernos reafirman su determinaci\u00f3n de cooperar, proteger a la ciudadan\u00eda y hacer que las comunidades sean m\u00e1s seguras.. Los gobiernos de M\u00e9xico y Estados Unidos reafirman su cooperaci\u00f3n en materia de seguridad, la cual se basa en los principios de reciprocidad, respeto a la soberan\u00eda e integridad territorial, responsabilidad compartida y diferenciada, as\u00ed como [&hellip;]<\/p>\n","protected":false},"author":1,"featured_media":92187,"comment_status":"closed","ping_status":"closed","sticky":false,"template":"","format":"standard","meta":{"footnotes":""},"categories":[30,34,31],"tags":[47],"class_list":["post-92186","post","type-post","status-publish","format-standard","has-post-thumbnail","hentry","category-destacado","category-nacional","category-portada","tag-portadanacional"],"_links":{"self":[{"href":"https:\/\/elinformante.mx\/index.php?rest_route=\/wp\/v2\/posts\/92186","targetHints":{"allow":["GET"]}}],"collection":[{"href":"https:\/\/elinformante.mx\/index.php?rest_route=\/wp\/v2\/posts"}],"about":[{"href":"https:\/\/elinformante.mx\/index.php?rest_route=\/wp\/v2\/types\/post"}],"author":[{"embeddable":true,"href":"https:\/\/elinformante.mx\/index.php?rest_route=\/wp\/v2\/users\/1"}],"replies":[{"embeddable":true,"href":"https:\/\/elinformante.mx\/index.php?rest_route=%2Fwp%2Fv2%2Fcomments&post=92186"}],"version-history":[{"count":0,"href":"https:\/\/elinformante.mx\/index.php?rest_route=\/wp\/v2\/posts\/92186\/revisions"}],"wp:featuredmedia":[{"embeddable":true,"href":"https:\/\/elinformante.mx\/index.php?rest_route=\/wp\/v2\/media\/92187"}],"wp:attachment":[{"href":"https:\/\/elinformante.mx\/index.php?rest_route=%2Fwp%2Fv2%2Fmedia&parent=92186"}],"wp:term":[{"taxonomy":"category","embeddable":true,"href":"https:\/\/elinformante.mx\/index.php?rest_route=%2Fwp%2Fv2%2Fcategories&post=92186"},{"taxonomy":"post_tag","embeddable":true,"href":"https:\/\/elinformante.mx\/index.php?rest_route=%2Fwp%2Fv2%2Ftags&post=92186"}],"curies":[{"name":"wp","href":"https:\/\/api.w.org\/{rel}","templated":true}]}}