{"id":92196,"date":"2025-09-05T06:13:54","date_gmt":"2025-09-05T12:13:54","guid":{"rendered":"https:\/\/elinformante.mx\/?p=92196"},"modified":"2025-09-05T06:14:18","modified_gmt":"2025-09-05T12:14:18","slug":"giorgio-armani-leyenda-de-la-moda-fallece-a-los-91-anos","status":"publish","type":"post","link":"https:\/\/elinformante.mx\/?p=92196","title":{"rendered":"Giorgio Armani, leyenda de la moda, fallece a los 91 a\u00f1os"},"content":{"rendered":"\n<figure class=\"wp-block-pullquote\"><blockquote><p>Se inform\u00f3 que Armani muri\u00f3 pac\u00edficamente, rodeado de sus seres queridos, tras haber trabajado hasta sus \u00faltimos d\u00edas.<\/p><\/blockquote><\/figure>\n\n\n\n<p class=\"has-drop-cap\">El ic\u00f3nico dise\u00f1ador italiano y fundador del Grupo Armani, Giorgio Armani, falleci\u00f3 a los 91 a\u00f1os. La noticia fue confirmada a trav\u00e9s de las redes sociales oficiales de la marca.<br><\/p>\n\n\n\n<p>En el comunicado se lee: \u201cCon infinita tristeza, el Grupo Armani anuncia el fallecimiento de su creador, fundador y fuerza motriz incansable: Giorgio Armani\u201d.<br><\/p>\n\n\n\n<p>Adem\u00e1s inform\u00f3 que Armani muri\u00f3 pac\u00edficamente, rodeado de sus seres queridos, tras haber trabajado hasta sus \u00faltimos d\u00edas:<br><\/p>\n\n\n\n<p>\u201cIl Signor Armani, como siempre fue llamado con respeto y admiraci\u00f3n por empleados y colaboradores, falleci\u00f3 pac\u00edficamente, rodeado de sus seres queridos. Trabaj\u00f3 hasta sus \u00faltimos d\u00edas, dedic\u00e1ndose a la empresa, a las colecciones y a los muchos proyectos en curso y futuros\u201d, expresaron.<br><\/p>\n\n\n\n<p>Giorgio Armani construy\u00f3 una visi\u00f3n a lo largo de los a\u00f1os, con una visi\u00f3n que se expandi\u00f3 de la moda a todos los aspectos de la vida, adem\u00e1s de ser un benefactor comprometido con su ciudad natal, Mil\u00e1n.<br><\/p>\n\n\n\n<p>\u201cGiorgio Armani es una empresa con cincuenta a\u00f1os de historia, construida con emoci\u00f3n y paciencia. El legado de Armani ser\u00e1 continuado por su familia y empleados, quienes se comprometieron a mantener vivos sus valores y su visi\u00f3n\u201d.<br><\/p>\n\n\n\n<p>De acuerdo a lo reportado por la empresa, su \u00faltima voluntad es que el funeral se celebre en privado, mientras que la c\u00e1mara f\u00fanebre estar\u00e1 abierta al p\u00fablico el s\u00e1bado 6 y el domingo 7 de septiembre, de 9:00 a 18:00 horas, en Via Bergognone 59, dentro del Armani\/Teatro, en Mil\u00e1n.<\/p>\n","protected":false},"excerpt":{"rendered":"<p>Se inform\u00f3 que Armani muri\u00f3 pac\u00edficamente, rodeado de sus seres queridos, tras haber trabajado hasta sus \u00faltimos d\u00edas. El ic\u00f3nico dise\u00f1ador italiano y fundador del Grupo Armani, Giorgio Armani, falleci\u00f3 a los 91 a\u00f1os. La noticia fue confirmada a trav\u00e9s de las redes sociales oficiales de la marca. En el comunicado se lee: \u201cCon infinita [&hellip;]<\/p>\n","protected":false},"author":1,"featured_media":92197,"comment_status":"closed","ping_status":"closed","sticky":false,"template":"","format":"standard","meta":{"footnotes":""},"categories":[39],"tags":[],"class_list":["post-92196","post","type-post","status-publish","format-standard","has-post-thumbnail","hentry","category-espectaculos"],"_links":{"self":[{"href":"https:\/\/elinformante.mx\/index.php?rest_route=\/wp\/v2\/posts\/92196","targetHints":{"allow":["GET"]}}],"collection":[{"href":"https:\/\/elinformante.mx\/index.php?rest_route=\/wp\/v2\/posts"}],"about":[{"href":"https:\/\/elinformante.mx\/index.php?rest_route=\/wp\/v2\/types\/post"}],"author":[{"embeddable":true,"href":"https:\/\/elinformante.mx\/index.php?rest_route=\/wp\/v2\/users\/1"}],"replies":[{"embeddable":true,"href":"https:\/\/elinformante.mx\/index.php?rest_route=%2Fwp%2Fv2%2Fcomments&post=92196"}],"version-history":[{"count":0,"href":"https:\/\/elinformante.mx\/index.php?rest_route=\/wp\/v2\/posts\/92196\/revisions"}],"wp:featuredmedia":[{"embeddable":true,"href":"https:\/\/elinformante.mx\/index.php?rest_route=\/wp\/v2\/media\/92197"}],"wp:attachment":[{"href":"https:\/\/elinformante.mx\/index.php?rest_route=%2Fwp%2Fv2%2Fmedia&parent=92196"}],"wp:term":[{"taxonomy":"category","embeddable":true,"href":"https:\/\/elinformante.mx\/index.php?rest_route=%2Fwp%2Fv2%2Fcategories&post=92196"},{"taxonomy":"post_tag","embeddable":true,"href":"https:\/\/elinformante.mx\/index.php?rest_route=%2Fwp%2Fv2%2Ftags&post=92196"}],"curies":[{"name":"wp","href":"https:\/\/api.w.org\/{rel}","templated":true}]}}