{"id":92209,"date":"2025-09-05T06:23:35","date_gmt":"2025-09-05T12:23:35","guid":{"rendered":"https:\/\/elinformante.mx\/?p=92209"},"modified":"2025-09-05T06:23:39","modified_gmt":"2025-09-05T12:23:39","slug":"ana-muniz-neyra-da-inicio-a-la-2a-edicion-de-las-caravanas-itinerantes-por-la-justicia-social-en-san-mateo-atenco","status":"publish","type":"post","link":"https:\/\/elinformante.mx\/?p=92209","title":{"rendered":"Ana Mu\u00f1iz Neyra da inicio a la 2\u00aa edici\u00f3n de las Caravanas Itinerantes por la Justicia Social en San Mateo Atenco"},"content":{"rendered":"\n<figure class=\"wp-block-pullquote\"><blockquote><p>-Gobierno de San Mateo Atenco y el INVEAMEX firman convenio de colaboraci\u00f3n para fortalecer la cultura de la legalidad y la verificaci\u00f3n administrativa.<\/p><\/blockquote><\/figure>\n\n\n\n<p class=\"has-drop-cap\">Con el objetivo de acercar a la ciudadan\u00eda servicios y tr\u00e1mites que dan certeza jur\u00eddica y fortalecen la justicia social, inici\u00f3 la segunda edici\u00f3n de las Caravanas Itinerantes por la Justicia Social San Mateo Atenco 2025, instaladas en la Plaza C\u00edvica Benito Ju\u00e1rez de este municipio.<br><\/p>\n\n\n\n<p>Las Caravanas fueron inauguradas por la presidenta municipal Ana Aurora Mu\u00f1iz Neyra, quien estuvo acompa\u00f1ada por la encargada del despacho del Instituto de Verificaci\u00f3n Administrativa del Estado de M\u00e9xico (INVEAMEX), Catalina Yasm\u00edn Ju\u00e1rez Medran, quien asisti\u00f3 en representaci\u00f3n del consejero jur\u00eddico del Gobierno del Estado de M\u00e9xico, Jes\u00fas George Zamora.<br><\/p>\n\n\n\n<p>Mu\u00f1iz Neyra destac\u00f3 que estas Caravanas \u201cno se tratan solo de tr\u00e1mites administrativos, sino de justicia social, para que la ciudadan\u00eda aproveche la acci\u00f3n de gobierno dise\u00f1ada para servir por igual a todas y a todos; porque la justicia no debe ser un privilegio de unos cuantos, sino la posibilidad real de que cada persona tenga lo que le corresponde, con equidad y por el bien com\u00fan.\u201d<br><\/p>\n\n\n\n<p>Asimismo, agradeci\u00f3 el apoyo del Colegio de Notarios por su participaci\u00f3n en las Caravanas poniendo a disposici\u00f3n el tr\u00e1mite de testamento gratuito; Ana Mu\u00f1iz anunci\u00f3 tambi\u00e9n la inauguraci\u00f3n de las nuevas oficinas de la Oficial\u00eda 1 del Registro Civil en el municipio, un espacio dignificado para servir mejor a las familias atenquenses.<br><\/p>\n\n\n\n<p>Por su parte, la representante del INVEAMEX, Catalina Ju\u00e1rez, reconoci\u00f3 la gesti\u00f3n municipal y la cercan\u00eda de la presidenta Ana Mu\u00f1iz con la ciudadan\u00eda: \u201cen San Mateo Atenco se respira tranquilidad y el cari\u00f1o hacia su presidenta municipal\u201d, asegur\u00f3.<br><\/p>\n\n\n\n<p>Destac\u00f3 tambi\u00e9n que, por instrucciones de la gobernadora Delfina G\u00f3mez \u00c1lvarez, se han sumado m\u00e1s servicios a las Caravanas para beneficiar directamente a las familias mexiquenses.<br><\/p>\n\n\n\n<p>En este marco, se llev\u00f3 a cabo la firma de un convenio de colaboraci\u00f3n entre el Gobierno de San Mateo Atenco y el INVEAMEX, mediante el cual se establece la coordinaci\u00f3n en materia de verificaci\u00f3n administrativa, fortaleciendo la cultura de la legalidad y garantizando el cumplimiento de la normatividad en las \u00e1reas de desarrollo econ\u00f3mico y urbano, movilidad, medio ambiente y protecci\u00f3n civil.<br><\/p>\n\n\n\n<p>Como parte del acuerdo, destaca la credencializaci\u00f3n y certificaci\u00f3n de las personas verificadoras, a trav\u00e9s de capacitaciones y la aplicaci\u00f3n de ex\u00e1menes de control de confianza.<br><\/p>\n\n\n\n<p>Las Caravanas Itinerantes por la Justicia Social estar\u00e1n en la Plaza C\u00edvica Benito Ju\u00e1rez los d\u00edas 4, 5 y 6 de septiembre, de las 9:00 a las 16:00 horas, ofreciendo 116 tr\u00e1mites y servicios en un solo lugar, entre los que se incluyen: expedici\u00f3n de actas de nacimiento, certificaci\u00f3n de motociclistas, regularizaci\u00f3n de terrenos, programas y servicios de dependencias federales, estatales y municipales; y el s\u00e1bado 6 de septiembre se celebrar\u00e1n los Matrimonios Colectivos.<\/p>\n","protected":false},"excerpt":{"rendered":"<p>-Gobierno de San Mateo Atenco y el INVEAMEX firman convenio de colaboraci\u00f3n para fortalecer la cultura de la legalidad y la verificaci\u00f3n administrativa. Con el objetivo de acercar a la ciudadan\u00eda servicios y tr\u00e1mites que dan certeza jur\u00eddica y fortalecen la justicia social, inici\u00f3 la segunda edici\u00f3n de las Caravanas Itinerantes por la Justicia Social [&hellip;]<\/p>\n","protected":false},"author":1,"featured_media":92210,"comment_status":"closed","ping_status":"closed","sticky":false,"template":"","format":"standard","meta":{"footnotes":""},"categories":[30,36],"tags":[],"class_list":["post-92209","post","type-post","status-publish","format-standard","has-post-thumbnail","hentry","category-destacado","category-edomex"],"_links":{"self":[{"href":"https:\/\/elinformante.mx\/index.php?rest_route=\/wp\/v2\/posts\/92209","targetHints":{"allow":["GET"]}}],"collection":[{"href":"https:\/\/elinformante.mx\/index.php?rest_route=\/wp\/v2\/posts"}],"about":[{"href":"https:\/\/elinformante.mx\/index.php?rest_route=\/wp\/v2\/types\/post"}],"author":[{"embeddable":true,"href":"https:\/\/elinformante.mx\/index.php?rest_route=\/wp\/v2\/users\/1"}],"replies":[{"embeddable":true,"href":"https:\/\/elinformante.mx\/index.php?rest_route=%2Fwp%2Fv2%2Fcomments&post=92209"}],"version-history":[{"count":0,"href":"https:\/\/elinformante.mx\/index.php?rest_route=\/wp\/v2\/posts\/92209\/revisions"}],"wp:featuredmedia":[{"embeddable":true,"href":"https:\/\/elinformante.mx\/index.php?rest_route=\/wp\/v2\/media\/92210"}],"wp:attachment":[{"href":"https:\/\/elinformante.mx\/index.php?rest_route=%2Fwp%2Fv2%2Fmedia&parent=92209"}],"wp:term":[{"taxonomy":"category","embeddable":true,"href":"https:\/\/elinformante.mx\/index.php?rest_route=%2Fwp%2Fv2%2Fcategories&post=92209"},{"taxonomy":"post_tag","embeddable":true,"href":"https:\/\/elinformante.mx\/index.php?rest_route=%2Fwp%2Fv2%2Ftags&post=92209"}],"curies":[{"name":"wp","href":"https:\/\/api.w.org\/{rel}","templated":true}]}}