{"id":92220,"date":"2025-09-05T06:35:20","date_gmt":"2025-09-05T12:35:20","guid":{"rendered":"https:\/\/elinformante.mx\/?p=92220"},"modified":"2025-09-05T06:35:29","modified_gmt":"2025-09-05T12:35:29","slug":"fernando-flores-inauguro-el-7o-comedor-comunitario-en-metepec","status":"publish","type":"post","link":"https:\/\/elinformante.mx\/?p=92220","title":{"rendered":"Fernando Flores inaugur\u00f3 el 7\u00ba comedor comunitario en Metepec"},"content":{"rendered":"\n<figure class=\"wp-block-pullquote\"><blockquote><p>En su lucha por combatir la inseguridad alimentaria se abri\u00f3 el comedor ubicado en la colonia Agr\u00edcola Francisco I. Madero.<\/p><\/blockquote><\/figure>\n\n\n\n<p class=\"has-drop-cap\">En el municipio de Metepec, el presidente municipal, Fernando Flores Fern\u00e1ndez, preocupado por cumplir con el objetivo trazado de fortalecer la seguridad alimentaria y brindar apoyo directo a familias en situaci\u00f3n vulnerable, inaugur\u00f3 el s\u00e9ptimo comedor comunitario del municipio, ubicado en la colonia Agr\u00edcola Francisco I. Madero.<br><\/p>\n\n\n\n<p>Durante el evento, Flores Fern\u00e1ndez se\u00f1al\u00f3 que este nuevo espacio ofrecer\u00e1 desayunos y comidas nutritivas, balanceadas y de calidad, de lunes a viernes, en beneficio de ni\u00f1os, adultos mayores y familias enteras.<br><\/p>\n\n\n\n<p>Fernando Flores subray\u00f3 que este tipo de acciones buscan hacer frente a la carencia alimentaria y mejorar las condiciones de vida de los metepequenses.<br><\/p>\n\n\n\n<p>Expres\u00f3 que los comedores comunitarios son m\u00e1s que un espacio f\u00edsico; son una respuesta a una necesidad real, se convierten en esperanza.<br><\/p>\n\n\n\n<figure class=\"wp-block-image size-large\"><img fetchpriority=\"high\" decoding=\"async\" width=\"1024\" height=\"506\" src=\"https:\/\/elinformante.mx\/wp-content\/uploads\/2025\/09\/11metepec-1024x506.jpg\" alt=\"\" class=\"wp-image-92222\" srcset=\"https:\/\/elinformante.mx\/wp-content\/uploads\/2025\/09\/11metepec-1024x506.jpg 1024w, https:\/\/elinformante.mx\/wp-content\/uploads\/2025\/09\/11metepec-300x148.jpg 300w, https:\/\/elinformante.mx\/wp-content\/uploads\/2025\/09\/11metepec-768x379.jpg 768w, https:\/\/elinformante.mx\/wp-content\/uploads\/2025\/09\/11metepec.jpg 1140w\" sizes=\"(max-width: 1024px) 100vw, 1024px\" \/><\/figure>\n\n\n\n<p>\u201cCon los comedores comunitarios aqu\u00ed se acaba el hambre y la angustia de no saber qu\u00e9 poner en la mesa\u201d, expres\u00f3.<br><\/p>\n\n\n\n<p>El presidente municipal estuvo acompa\u00f1ado por la directora de Desarrollo Social y Asuntos Ind\u00edgenas, Griselda G\u00e9nico Sachi\u00f1as, y la directora de Cultura y comisionada regional en la delegaci\u00f3n, Carolina Gardu\u00f1o Pe\u00f1a, el alcalde se\u00f1al\u00f3 que este proyecto representa un paso m\u00e1s hacia un \u201cMetepec m\u00e1s justo, m\u00e1s humano y m\u00e1s solidario\u201d.<br><\/p>\n\n\n\n<p>Flores Fern\u00e1ndez record\u00f3 que al inicio de su administraci\u00f3n encontraron un municipio en abandono, pero hoy, tenemos un gobierno cercano a la gente que construye realidades.<br><\/p>\n\n\n\n<p>Griselda G\u00e9nico Sachi\u00f1as destac\u00f3 que los comedores comunitarios, implementados desde el trienio anterior, son resultado del trabajo coordinado entre diversas \u00e1reas del gobierno municipal y del liderazgo del presidente municipal.<br><\/p>\n\n\n\n<p>Adem\u00e1s del impulso a la alimentaci\u00f3n, la administraci\u00f3n municipal ha implementado otros programas sociales como la entrega de c\u00e1maras de vigilancia y lentes a trav\u00e9s del sistema DIF, como parte de una estrategia integral para mejorar la calidad de vida de la poblaci\u00f3n.<\/p>\n","protected":false},"excerpt":{"rendered":"<p>En su lucha por combatir la inseguridad alimentaria se abri\u00f3 el comedor ubicado en la colonia Agr\u00edcola Francisco I. Madero. En el municipio de Metepec, el presidente municipal, Fernando Flores Fern\u00e1ndez, preocupado por cumplir con el objetivo trazado de fortalecer la seguridad alimentaria y brindar apoyo directo a familias en situaci\u00f3n vulnerable, inaugur\u00f3 el s\u00e9ptimo [&hellip;]<\/p>\n","protected":false},"author":1,"featured_media":92221,"comment_status":"closed","ping_status":"closed","sticky":false,"template":"","format":"standard","meta":{"footnotes":""},"categories":[30,36],"tags":[],"class_list":["post-92220","post","type-post","status-publish","format-standard","has-post-thumbnail","hentry","category-destacado","category-edomex"],"_links":{"self":[{"href":"https:\/\/elinformante.mx\/index.php?rest_route=\/wp\/v2\/posts\/92220","targetHints":{"allow":["GET"]}}],"collection":[{"href":"https:\/\/elinformante.mx\/index.php?rest_route=\/wp\/v2\/posts"}],"about":[{"href":"https:\/\/elinformante.mx\/index.php?rest_route=\/wp\/v2\/types\/post"}],"author":[{"embeddable":true,"href":"https:\/\/elinformante.mx\/index.php?rest_route=\/wp\/v2\/users\/1"}],"replies":[{"embeddable":true,"href":"https:\/\/elinformante.mx\/index.php?rest_route=%2Fwp%2Fv2%2Fcomments&post=92220"}],"version-history":[{"count":0,"href":"https:\/\/elinformante.mx\/index.php?rest_route=\/wp\/v2\/posts\/92220\/revisions"}],"wp:featuredmedia":[{"embeddable":true,"href":"https:\/\/elinformante.mx\/index.php?rest_route=\/wp\/v2\/media\/92221"}],"wp:attachment":[{"href":"https:\/\/elinformante.mx\/index.php?rest_route=%2Fwp%2Fv2%2Fmedia&parent=92220"}],"wp:term":[{"taxonomy":"category","embeddable":true,"href":"https:\/\/elinformante.mx\/index.php?rest_route=%2Fwp%2Fv2%2Fcategories&post=92220"},{"taxonomy":"post_tag","embeddable":true,"href":"https:\/\/elinformante.mx\/index.php?rest_route=%2Fwp%2Fv2%2Ftags&post=92220"}],"curies":[{"name":"wp","href":"https:\/\/api.w.org\/{rel}","templated":true}]}}