{"id":92227,"date":"2025-09-05T06:43:08","date_gmt":"2025-09-05T12:43:08","guid":{"rendered":"https:\/\/elinformante.mx\/?p=92227"},"modified":"2025-09-05T06:43:14","modified_gmt":"2025-09-05T12:43:14","slug":"fortalece-uaemex-el-dialogo-con-estudiantes-de-quimica-para-atender-infraestructura-y-procesos-internos","status":"publish","type":"post","link":"https:\/\/elinformante.mx\/?p=92227","title":{"rendered":"Fortalece UAEM\u00e9x el di\u00e1logo con estudiantes de Qu\u00edmica para atender infraestructura y procesos internos"},"content":{"rendered":"\n<figure class=\"wp-block-pullquote\"><blockquote><p>-Se acord\u00f3 realizar un levantamiento de los requerimientos y las necesidades en materia de infraestructura, principalmente aulas, oficinas y laboratorios.<\/p><\/blockquote><\/figure>\n\n\n\n<p class=\"has-drop-cap\">Se reunieron representantes estudiantiles de la Facultad de Qu\u00edmica de la Universidad Aut\u00f3noma del Estado de M\u00e9xico (UAEM\u00e9x) con integrantes de la Administraci\u00f3n 2025-2029 de esta casa de estudios, encabezada por la rectora Martha Patricia Zarza Delgado.<br><\/p>\n\n\n\n<p>Adem\u00e1s durante el di\u00e1logo tambi\u00e9n se realiz\u00f3 la revisi\u00f3n del seguimiento y avances de los puntos que contempla el pliego petitorio en materia de infraestructura: laboratorios, salones y espacios administrativos de los campus Col\u00f3n y \u201cEl Cerrillo\u201d, as\u00ed como el Centro Conjunto de Investigaci\u00f3n en Qu\u00edmica Sustentable UAEM-UNAM (CCIQS).<br><\/p>\n\n\n\n<p>Se acord\u00f3 realizar un levantamiento de los requerimientos y las necesidades en materia de infraestructura, principalmente aulas, oficinas y laboratorios.<br><\/p>\n\n\n\n<figure class=\"wp-block-image size-large\"><img fetchpriority=\"high\" decoding=\"async\" width=\"1024\" height=\"506\" src=\"https:\/\/elinformante.mx\/wp-content\/uploads\/2025\/09\/10uaemex-2-2-1024x506.jpg\" alt=\"\" class=\"wp-image-92229\" srcset=\"https:\/\/elinformante.mx\/wp-content\/uploads\/2025\/09\/10uaemex-2-2-1024x506.jpg 1024w, https:\/\/elinformante.mx\/wp-content\/uploads\/2025\/09\/10uaemex-2-2-300x148.jpg 300w, https:\/\/elinformante.mx\/wp-content\/uploads\/2025\/09\/10uaemex-2-2-768x379.jpg 768w, https:\/\/elinformante.mx\/wp-content\/uploads\/2025\/09\/10uaemex-2-2.jpg 1140w\" sizes=\"(max-width: 1024px) 100vw, 1024px\" \/><\/figure>\n\n\n\n<p>Con la Consejer\u00eda Jur\u00eddica se acord\u00f3 la realizaci\u00f3n de una mesa de trabajo sobre el proceso de elecci\u00f3n de consejeras y consejeros universitarios, as\u00ed como directora o director, tambi\u00e9n una mesa para atender asuntos relacionados con violencia de g\u00e9nero.<br><\/p>\n\n\n\n<p>La Secretar\u00eda de Vinculaci\u00f3n, Extensi\u00f3n y Promoci\u00f3n de la Empleabilidad se acord\u00f3 realizar una mesa de vinculaci\u00f3n en el Campus \u201cEl Cerrillo\u201d.<br><\/p>\n\n\n\n<p>Tras terminar esta mesa de conversaci\u00f3n, la rectora Martha Patricia Zarza Delgado recorri\u00f3 las instalaciones de la Facultad de Qu\u00edmica Campus \u201cCol\u00f3n\u201d, en compa\u00f1\u00eda de integrantes de la asamblea estudiantil, comunidad acad\u00e9mica y personal administrativo, reiterando que estos ejercicios de di\u00e1logo son indispensables para fomentar el trabajo participativo de los tres sectores de la instituci\u00f3n: alumnado, personal acad\u00e9mico y personal administrativo.<\/p>\n","protected":false},"excerpt":{"rendered":"<p>-Se acord\u00f3 realizar un levantamiento de los requerimientos y las necesidades en materia de infraestructura, principalmente aulas, oficinas y laboratorios. Se reunieron representantes estudiantiles de la Facultad de Qu\u00edmica de la Universidad Aut\u00f3noma del Estado de M\u00e9xico (UAEM\u00e9x) con integrantes de la Administraci\u00f3n 2025-2029 de esta casa de estudios, encabezada por la rectora Martha Patricia [&hellip;]<\/p>\n","protected":false},"author":1,"featured_media":92228,"comment_status":"closed","ping_status":"closed","sticky":false,"template":"","format":"standard","meta":{"footnotes":""},"categories":[30,36],"tags":[],"class_list":["post-92227","post","type-post","status-publish","format-standard","has-post-thumbnail","hentry","category-destacado","category-edomex"],"_links":{"self":[{"href":"https:\/\/elinformante.mx\/index.php?rest_route=\/wp\/v2\/posts\/92227","targetHints":{"allow":["GET"]}}],"collection":[{"href":"https:\/\/elinformante.mx\/index.php?rest_route=\/wp\/v2\/posts"}],"about":[{"href":"https:\/\/elinformante.mx\/index.php?rest_route=\/wp\/v2\/types\/post"}],"author":[{"embeddable":true,"href":"https:\/\/elinformante.mx\/index.php?rest_route=\/wp\/v2\/users\/1"}],"replies":[{"embeddable":true,"href":"https:\/\/elinformante.mx\/index.php?rest_route=%2Fwp%2Fv2%2Fcomments&post=92227"}],"version-history":[{"count":0,"href":"https:\/\/elinformante.mx\/index.php?rest_route=\/wp\/v2\/posts\/92227\/revisions"}],"wp:featuredmedia":[{"embeddable":true,"href":"https:\/\/elinformante.mx\/index.php?rest_route=\/wp\/v2\/media\/92228"}],"wp:attachment":[{"href":"https:\/\/elinformante.mx\/index.php?rest_route=%2Fwp%2Fv2%2Fmedia&parent=92227"}],"wp:term":[{"taxonomy":"category","embeddable":true,"href":"https:\/\/elinformante.mx\/index.php?rest_route=%2Fwp%2Fv2%2Fcategories&post=92227"},{"taxonomy":"post_tag","embeddable":true,"href":"https:\/\/elinformante.mx\/index.php?rest_route=%2Fwp%2Fv2%2Ftags&post=92227"}],"curies":[{"name":"wp","href":"https:\/\/api.w.org\/{rel}","templated":true}]}}