{"id":92230,"date":"2025-09-05T06:47:05","date_gmt":"2025-09-05T12:47:05","guid":{"rendered":"https:\/\/elinformante.mx\/?p=92230"},"modified":"2025-09-05T06:47:10","modified_gmt":"2025-09-05T12:47:10","slug":"se-unen-gem-y-sedena-para-restaurar-bosques-con-mas-de-un-millon-de-plantas","status":"publish","type":"post","link":"https:\/\/elinformante.mx\/?p=92230","title":{"rendered":"Se unen GEM y SEDENA para restaurar bosques con m\u00e1s de un mill\u00f3n de plantas"},"content":{"rendered":"\n<figure class=\"wp-block-pullquote\"><blockquote><p>M\u00e1s de 1.8 millones de plantas para cuidar el patrimonio natural mexiquense.<\/p><\/blockquote><\/figure>\n\n\n\n<p class=\"has-drop-cap\">El Gobierno del Estado de M\u00e9xico firm\u00f3 un convenio con la Secretar\u00eda de la Defensa Nacional (Defensa) para producir m\u00e1s de un mill\u00f3n 800 mil plantas en el Vivero Forestal Militar de Temamatla, con el cual se asegura la disponibilidad de \u00e1rboles adecuados y de calidad para los programas de reforestaci\u00f3n, protecci\u00f3n ambiental y mitigaci\u00f3n del cambio clim\u00e1tico en la entidad.<br><\/p>\n\n\n\n<figure class=\"wp-block-image size-large\"><img fetchpriority=\"high\" decoding=\"async\" width=\"1024\" height=\"506\" src=\"https:\/\/elinformante.mx\/wp-content\/uploads\/2025\/09\/10se-reune-1024x506.jpg\" alt=\"\" class=\"wp-image-92232\" srcset=\"https:\/\/elinformante.mx\/wp-content\/uploads\/2025\/09\/10se-reune-1024x506.jpg 1024w, https:\/\/elinformante.mx\/wp-content\/uploads\/2025\/09\/10se-reune-300x148.jpg 300w, https:\/\/elinformante.mx\/wp-content\/uploads\/2025\/09\/10se-reune-768x379.jpg 768w, https:\/\/elinformante.mx\/wp-content\/uploads\/2025\/09\/10se-reune.jpg 1140w\" sizes=\"(max-width: 1024px) 100vw, 1024px\" \/><\/figure>\n\n\n\n<p>Durante el periodo 2025-2026 se producir\u00e1n plantas de 20 especies de clima templado, semiseco y fr\u00edo, as\u00ed como \u00e1rboles frutales y urbanos. El acuerdo fue suscrito por Alhely Rubio Arronis, Secretaria del Medio Ambiente y Desarrollo Sostenible; Lucio Vergara G\u00f3mez, Comandante de la 37\/a. Zona Militar, y el Capit\u00e1n Rub\u00e9n Alfredo Mart\u00ednez Arzate, Jefe del Vivero Forestal Militar de Temamatla.<br><\/p>\n\n\n\n<p>Rubio Arronis destac\u00f3 que es el primer acuerdo firmado con Defensa, atendiendo a las indicaciones de la Gobernadora Delfina G\u00f3mez \u00c1lvarez, para trabajar por la conservaci\u00f3n y recuperaci\u00f3n del patrimonio natural. Inform\u00f3 que, con la firma de este convenio, se fortalece el prop\u00f3sito de restaurar ecosistemas en la entidad \u2014con especies adecuadas para cada regi\u00f3n, que tienen mayores posibilidades de supervivencia\u2014 como una estrategia fundamental para enfrentar la degradaci\u00f3n ambiental y conservar la biodiversidad.<\/p>\n","protected":false},"excerpt":{"rendered":"<p>M\u00e1s de 1.8 millones de plantas para cuidar el patrimonio natural mexiquense. El Gobierno del Estado de M\u00e9xico firm\u00f3 un convenio con la Secretar\u00eda de la Defensa Nacional (Defensa) para producir m\u00e1s de un mill\u00f3n 800 mil plantas en el Vivero Forestal Militar de Temamatla, con el cual se asegura la disponibilidad de \u00e1rboles adecuados [&hellip;]<\/p>\n","protected":false},"author":1,"featured_media":92231,"comment_status":"closed","ping_status":"closed","sticky":false,"template":"","format":"standard","meta":{"footnotes":""},"categories":[36],"tags":[],"class_list":["post-92230","post","type-post","status-publish","format-standard","has-post-thumbnail","hentry","category-edomex"],"_links":{"self":[{"href":"https:\/\/elinformante.mx\/index.php?rest_route=\/wp\/v2\/posts\/92230","targetHints":{"allow":["GET"]}}],"collection":[{"href":"https:\/\/elinformante.mx\/index.php?rest_route=\/wp\/v2\/posts"}],"about":[{"href":"https:\/\/elinformante.mx\/index.php?rest_route=\/wp\/v2\/types\/post"}],"author":[{"embeddable":true,"href":"https:\/\/elinformante.mx\/index.php?rest_route=\/wp\/v2\/users\/1"}],"replies":[{"embeddable":true,"href":"https:\/\/elinformante.mx\/index.php?rest_route=%2Fwp%2Fv2%2Fcomments&post=92230"}],"version-history":[{"count":0,"href":"https:\/\/elinformante.mx\/index.php?rest_route=\/wp\/v2\/posts\/92230\/revisions"}],"wp:featuredmedia":[{"embeddable":true,"href":"https:\/\/elinformante.mx\/index.php?rest_route=\/wp\/v2\/media\/92231"}],"wp:attachment":[{"href":"https:\/\/elinformante.mx\/index.php?rest_route=%2Fwp%2Fv2%2Fmedia&parent=92230"}],"wp:term":[{"taxonomy":"category","embeddable":true,"href":"https:\/\/elinformante.mx\/index.php?rest_route=%2Fwp%2Fv2%2Fcategories&post=92230"},{"taxonomy":"post_tag","embeddable":true,"href":"https:\/\/elinformante.mx\/index.php?rest_route=%2Fwp%2Fv2%2Ftags&post=92230"}],"curies":[{"name":"wp","href":"https:\/\/api.w.org\/{rel}","templated":true}]}}