{"id":92247,"date":"2025-09-05T07:08:24","date_gmt":"2025-09-05T13:08:24","guid":{"rendered":"https:\/\/elinformante.mx\/?p=92247"},"modified":"2025-09-05T07:08:28","modified_gmt":"2025-09-05T13:08:28","slug":"anuncia-gobierno-de-cdmx-alianza-con-netflix-para-el-desarrollo-audiovisual","status":"publish","type":"post","link":"https:\/\/elinformante.mx\/?p=92247","title":{"rendered":"Anuncia gobierno de CDMX alianza con Netflix para el desarrollo audiovisual"},"content":{"rendered":"\n<figure class=\"wp-block-pullquote\"><blockquote><p>-La alianza fortalecer\u00e1 la relaci\u00f3n entre el sector p\u00fablico y privado para posicionar a la capital como un nodo estrat\u00e9gico en la industria audiovisual, generando oportunidades de capacitaci\u00f3n, empleo y desarrollo cultural<\/p><\/blockquote><\/figure>\n\n\n\n<p class=\"has-drop-cap\">El Gobierno capitalino, a trav\u00e9s de la Secretar\u00eda de Cultura local y la Comisi\u00f3n de Filmaciones de la Ciudad de M\u00e9xico (CFILMA), anuncia la firma del convenio de colaboraci\u00f3n con Netflix M\u00e9xico \u201cAlianza para el Desarrollo Audiovisual\u201d, con el objetivo de dise\u00f1ar e implementar programas de formaci\u00f3n y proyectos conjuntos en materia de entretenimiento audiovisual, fomentando la creaci\u00f3n cinematogr\u00e1fica local.<br><\/p>\n\n\n\n<p>Mediante esta alianza, se desarrollar\u00e1n tres programas de capacitaci\u00f3n conjunta financiados por Netflix como parte del Fondo Netflix para la Equidad Creativa anunciado por la empresa en agosto de 2024 para destinar 22 millones de pesos en el pa\u00eds a lo largo de dos a\u00f1os para construir nuevos caminos para comunidades diversas dentro del entretenimiento.<br><\/p>\n\n\n\n<p>A trav\u00e9s de estos apoyos, Netflix busca impulsar lo hecho en M\u00e9xico y desarrollar a los futuros talentos del audiovisual nacional. El convenio fortalecer\u00e1 la relaci\u00f3n entre el sector p\u00fablico y privado para posicionar a la Ciudad de M\u00e9xico como un nodo estrat\u00e9gico en la industria audiovisual, generando oportunidades de capacitaci\u00f3n, empleo y desarrollo cultural.<br><\/p>\n\n\n\n<p>Como primera acci\u00f3n fruto de esta colaboraci\u00f3n, se abre la convocatoria para el Primer Taller de Guionismo de la Alianza para el Desarrollo Audiovisual Gobierno de la CDMX \u2013 Netflix, que ofrecer\u00e1 las herramientas necesarias para la escritura de historias originales para cine y televisi\u00f3n. Dirigida a personas mayores de 18 a\u00f1os residentes de la capital, con inter\u00e9s en mostrar narrativas cercanas a su realidad desde la creatividad.<br><\/p>\n\n\n\n<p>El taller ser\u00e1 completamente gratuito para el p\u00fablico, financiado por Netflix M\u00e9xico e impartido por la asociaci\u00f3n de guionistas El Garfio A.C. Tendr\u00e1 una duraci\u00f3n de 60 horas, distribuidas en 15 sesiones de 4 horas, en horario matutino.<br><\/p>\n\n\n\n<p>Las y los participantes aprender\u00e1n a lo largo del curso a realizar un guion de cortometraje, un argumento de largometraje o una biblia de serie. Ser\u00e1n 60 las personas elegidas para formar parte del curso y se dividir\u00e1n en 3 grupos de 20 alumnos cada uno.<br><\/p>\n\n\n\n<h2 class=\"wp-block-heading\">Documentaci\u00f3n requerida para la postulaci\u00f3n:<\/h2>\n\n\n\n<p>-Exposici\u00f3n de motivos (m\u00e1ximo. 1 cuartilla), se debe explicar; comprobante de domicilio en la Ciudad de M\u00e9xico (no mayor a 3 meses); carta firmada en la que declares, bajo protesta, no tener ninguna relaci\u00f3n profesional o familiar con las instituciones convocantes; CURP y copia de identificaci\u00f3n oficial vigente.<br><\/p>\n\n\n\n<p>Los documentos requeridos deber\u00e1n adjuntarse en formato PDF en el siguiente formulario de registro https:\/\/forms.gle\/BVMm6EWfth78Hg6o6, hasta las 23:59 horas del 27 de septiembre del 2025. Los resultados se publicar\u00e1n en la p\u00e1gina elgarfio.com.mx; as\u00ed como en las redes sociales de las instituciones convocantes.<br><\/p>\n\n\n\n<p>Finalmente, como parte de la Alianza para el Desarrollo Audiovisual Gobierno de la CDMX \u2013 Netflix y con el objetivo de procurar la equidad de g\u00e9nero y la igualdad de oportunidades, se lanzar\u00e1n durante 2025 las convocatorias para un taller de capacitaci\u00f3n para gerentes de locaci\u00f3n y un taller de creaci\u00f3n para asistentes de producci\u00f3n y direcci\u00f3n, ambos dirigidos exclusivamente a mujeres.<\/p>\n","protected":false},"excerpt":{"rendered":"<p>-La alianza fortalecer\u00e1 la relaci\u00f3n entre el sector p\u00fablico y privado para posicionar a la capital como un nodo estrat\u00e9gico en la industria audiovisual, generando oportunidades de capacitaci\u00f3n, empleo y desarrollo cultural El Gobierno capitalino, a trav\u00e9s de la Secretar\u00eda de Cultura local y la Comisi\u00f3n de Filmaciones de la Ciudad de M\u00e9xico (CFILMA), anuncia [&hellip;]<\/p>\n","protected":false},"author":1,"featured_media":92248,"comment_status":"closed","ping_status":"closed","sticky":false,"template":"","format":"standard","meta":{"footnotes":""},"categories":[35],"tags":[],"class_list":["post-92247","post","type-post","status-publish","format-standard","has-post-thumbnail","hentry","category-cdmx"],"_links":{"self":[{"href":"https:\/\/elinformante.mx\/index.php?rest_route=\/wp\/v2\/posts\/92247","targetHints":{"allow":["GET"]}}],"collection":[{"href":"https:\/\/elinformante.mx\/index.php?rest_route=\/wp\/v2\/posts"}],"about":[{"href":"https:\/\/elinformante.mx\/index.php?rest_route=\/wp\/v2\/types\/post"}],"author":[{"embeddable":true,"href":"https:\/\/elinformante.mx\/index.php?rest_route=\/wp\/v2\/users\/1"}],"replies":[{"embeddable":true,"href":"https:\/\/elinformante.mx\/index.php?rest_route=%2Fwp%2Fv2%2Fcomments&post=92247"}],"version-history":[{"count":0,"href":"https:\/\/elinformante.mx\/index.php?rest_route=\/wp\/v2\/posts\/92247\/revisions"}],"wp:featuredmedia":[{"embeddable":true,"href":"https:\/\/elinformante.mx\/index.php?rest_route=\/wp\/v2\/media\/92248"}],"wp:attachment":[{"href":"https:\/\/elinformante.mx\/index.php?rest_route=%2Fwp%2Fv2%2Fmedia&parent=92247"}],"wp:term":[{"taxonomy":"category","embeddable":true,"href":"https:\/\/elinformante.mx\/index.php?rest_route=%2Fwp%2Fv2%2Fcategories&post=92247"},{"taxonomy":"post_tag","embeddable":true,"href":"https:\/\/elinformante.mx\/index.php?rest_route=%2Fwp%2Fv2%2Ftags&post=92247"}],"curies":[{"name":"wp","href":"https:\/\/api.w.org\/{rel}","templated":true}]}}