{"id":92258,"date":"2025-09-05T07:23:40","date_gmt":"2025-09-05T13:23:40","guid":{"rendered":"https:\/\/elinformante.mx\/?p=92258"},"modified":"2025-09-05T07:23:49","modified_gmt":"2025-09-05T13:23:49","slug":"revision-del-t-mec-no-sera-facil-ebrard","status":"publish","type":"post","link":"https:\/\/elinformante.mx\/?p=92258","title":{"rendered":"Revisi\u00f3n del T-MEC no ser\u00e1 f\u00e1cil: Ebrard"},"content":{"rendered":"\n<figure class=\"wp-block-pullquote\"><blockquote><p>A pesar de las interrogantes, el secretario de Econom\u00eda se\u00f1al\u00f3 que M\u00e9xico llegar\u00e1 en 2026 con una relaci\u00f3n s\u00f3lida con Estados Unidos.<\/p><\/blockquote><\/figure>\n\n\n\n<p class=\"has-drop-cap\">Marcelo Ebrard, secretario de Econom\u00eda, reconoci\u00f3 que la pr\u00f3xima revisi\u00f3n del T-MEC, prevista para enero de 2026, no ser\u00e1 f\u00e1cil.<br><\/p>\n\n\n\n<p>Sin embargo, se muestra seguro, porque M\u00e9xico llegar\u00e1 a esta etapa con una relaci\u00f3n s\u00f3lida con Estados Unidos y con bases internas que permitir\u00e1n reducir la incertidumbre para las inversiones.<br><\/p>\n\n\n\n<p>Mencion\u00f3 que en los \u00faltimos meses, se ha logrado construir una relaci\u00f3n estrecha con la secretar\u00eda de Comercio y con la USTR, con Jamieson Greer y con Howard Lutnick.<br><\/p>\n\n\n\n<p>\u201cY puedo decir que hoy tenemos conversaciones muy cercanas as\u00ed que soy realmente optimista ahora, pero puedo ver que no ser\u00e1n f\u00e1ciles los pr\u00f3ximos meses y la revisi\u00f3n del T-MEC\u201d, dijo Ebrard durante su participaci\u00f3n en un evento de la Bolsa Institucional de Valores (BIVA) en Estados Unidos.<br><\/p>\n\n\n\n<p>Ebrard reconoci\u00f3 que las conversaciones con la Oficina del Representante Comercial de Estados Unidos (USTR) y con la Secretar\u00eda de Comercio de Estados Unidos se han vuelto frecuentes y cercanas.<br><\/p>\n\n\n\n<p>Explic\u00f3 que la revisi\u00f3n del tratado estar\u00e1 marcada por temas complejos, como las nuevas reglas propuestas por la administraci\u00f3n de Donald Trump y la necesidad de modernizar el acuerdo para responder a los pr\u00f3ximos a\u00f1os de integraci\u00f3n regional.<br><\/p>\n\n\n\n<p>Este optimismo se sustenta en varios factores, como que M\u00e9xico es el principal cliente de Estados Unidos, al comprar m\u00e1s productos que China, Alemania y Jap\u00f3n juntos; adem\u00e1s que la presidenta Claudia Sheinbaum mantiene una relaci\u00f3n efectiva y compleja con Trump, que ha evitado decisiones adversas.<br><\/p>\n\n\n\n<p>Existe un objetivo com\u00fan de fortalecer la seguridad de las cadenas de suministro y la competitividad de Am\u00e9rica del Norte frente a otras regiones.<br><\/p>\n\n\n\n<p>Destac\u00f3 adem\u00e1s que el Plan M\u00e9xico busca preparar al pa\u00eds con mayor organizaci\u00f3n productiva, menos dependencia de Asia y m\u00e1s inversiones en energ\u00eda, vivienda e infraestructura.<br><\/p>\n\n\n\n<p>Ebrard asegur\u00f3 que las negociaciones se desarrollar\u00e1n bajo una visi\u00f3n compartida con Estados Unidos sobre la seguridad de las cadenas de suministro y la competitividad regional.<\/p>\n","protected":false},"excerpt":{"rendered":"<p>A pesar de las interrogantes, el secretario de Econom\u00eda se\u00f1al\u00f3 que M\u00e9xico llegar\u00e1 en 2026 con una relaci\u00f3n s\u00f3lida con Estados Unidos. Marcelo Ebrard, secretario de Econom\u00eda, reconoci\u00f3 que la pr\u00f3xima revisi\u00f3n del T-MEC, prevista para enero de 2026, no ser\u00e1 f\u00e1cil. Sin embargo, se muestra seguro, porque M\u00e9xico llegar\u00e1 a esta etapa con una [&hellip;]<\/p>\n","protected":false},"author":1,"featured_media":92259,"comment_status":"closed","ping_status":"closed","sticky":false,"template":"","format":"standard","meta":{"footnotes":""},"categories":[30,34],"tags":[],"class_list":["post-92258","post","type-post","status-publish","format-standard","has-post-thumbnail","hentry","category-destacado","category-nacional"],"_links":{"self":[{"href":"https:\/\/elinformante.mx\/index.php?rest_route=\/wp\/v2\/posts\/92258","targetHints":{"allow":["GET"]}}],"collection":[{"href":"https:\/\/elinformante.mx\/index.php?rest_route=\/wp\/v2\/posts"}],"about":[{"href":"https:\/\/elinformante.mx\/index.php?rest_route=\/wp\/v2\/types\/post"}],"author":[{"embeddable":true,"href":"https:\/\/elinformante.mx\/index.php?rest_route=\/wp\/v2\/users\/1"}],"replies":[{"embeddable":true,"href":"https:\/\/elinformante.mx\/index.php?rest_route=%2Fwp%2Fv2%2Fcomments&post=92258"}],"version-history":[{"count":0,"href":"https:\/\/elinformante.mx\/index.php?rest_route=\/wp\/v2\/posts\/92258\/revisions"}],"wp:featuredmedia":[{"embeddable":true,"href":"https:\/\/elinformante.mx\/index.php?rest_route=\/wp\/v2\/media\/92259"}],"wp:attachment":[{"href":"https:\/\/elinformante.mx\/index.php?rest_route=%2Fwp%2Fv2%2Fmedia&parent=92258"}],"wp:term":[{"taxonomy":"category","embeddable":true,"href":"https:\/\/elinformante.mx\/index.php?rest_route=%2Fwp%2Fv2%2Fcategories&post=92258"},{"taxonomy":"post_tag","embeddable":true,"href":"https:\/\/elinformante.mx\/index.php?rest_route=%2Fwp%2Fv2%2Ftags&post=92258"}],"curies":[{"name":"wp","href":"https:\/\/api.w.org\/{rel}","templated":true}]}}