{"id":92280,"date":"2025-09-08T06:27:32","date_gmt":"2025-09-08T12:27:32","guid":{"rendered":"https:\/\/elinformante.mx\/?p=92280"},"modified":"2025-09-08T06:27:36","modified_gmt":"2025-09-08T12:27:36","slug":"salma-hayek-enciende-las-redes-sociales","status":"publish","type":"post","link":"https:\/\/elinformante.mx\/?p=92280","title":{"rendered":"Salma Hayek enciende las redes sociales"},"content":{"rendered":"\n<figure class=\"wp-block-pullquote\"><blockquote><p>La mexicana acapara las miradas y muestra c\u00f3mo para lucir fresca y elegante en la transici\u00f3n de verano a oto\u00f1o 2025<\/p><\/blockquote><\/figure>\n\n\n\n<p class=\"has-drop-cap\">Salma Hayek, actriz mexicana con inigualable talento, es un icono de la moda. Y es que temporada tras temporada, logra convertir su alrededor en una pasarela, donde todos sus looks brillan y dejan destellos por doquier.<br><\/p>\n\n\n\n<p>Y es que en esta transici\u00f3n de verano a oto\u00f1o, nuestra reina fashionista resplandece en cualquier escenario, desde una alfombra roja con cientos de fot\u00f3grafos hasta una salida casual en la ciudad del amor con su hija y esposo.<br><\/p>\n\n\n\n<p>Y no es la primera vez que muestra como lucir los bikinis, siendo una de sus especialidades, mostr\u00e1ndose impecable y dej\u00e1ndonos con ganas de que sea verano todo el a\u00f1o. Desde lucir los colores m\u00e1s oscuros hasta los tonos m\u00e1s suaves en diferentes ocasiones.<br><\/p>\n\n\n\n<p>Y es que a pocos d\u00edas de celebrar su cumplea\u00f1os cincuenta y nueve destac\u00f3 con nada m\u00e1s y nada menos que el color de la pasi\u00f3n y la energ\u00eda: rojo vibrante.<br><\/p>\n\n\n\n<figure class=\"wp-block-image size-large\"><img fetchpriority=\"high\" decoding=\"async\" width=\"1024\" height=\"506\" src=\"https:\/\/elinformante.mx\/wp-content\/uploads\/2025\/09\/15salma-1024x506.jpg\" alt=\"\" class=\"wp-image-92284\" srcset=\"https:\/\/elinformante.mx\/wp-content\/uploads\/2025\/09\/15salma-1024x506.jpg 1024w, https:\/\/elinformante.mx\/wp-content\/uploads\/2025\/09\/15salma-300x148.jpg 300w, https:\/\/elinformante.mx\/wp-content\/uploads\/2025\/09\/15salma-768x379.jpg 768w, https:\/\/elinformante.mx\/wp-content\/uploads\/2025\/09\/15salma.jpg 1140w\" sizes=\"(max-width: 1024px) 100vw, 1024px\" \/><\/figure>\n\n\n\n<p>La actriz complement\u00f3 este conjunto playero con unos lentes ovalados negros que gritan personalidad y estilo. Simplemente, la reina cumplea\u00f1era nos reafirm\u00f3 que sabe festejar como se lo merece.<br><\/p>\n\n\n\n<p>Adem\u00e1s de compartir con sus seguidores la imagen luciendo su ic\u00f3nico bikini, dej\u00f3 un mensaje para todos sus amigos y conocidos: \u201c59 vueltas alrededor del sol y \u00a1sigo bailando! Salud por todos ustedes y gracias por el cari\u00f1o\u201d.<br><\/p>\n\n\n\n<p>No es la primera vez que Salma sorprende en su fecha de nacimiento con una publicaci\u00f3n. Hace un a\u00f1o comparti\u00f3 una galer\u00eda con m\u00e1s de cinco fotos en la que demostr\u00f3 que su alma cumplea\u00f1era no deja que pase un a\u00f1o sin poder disfrutar de este d\u00eda tan especial con amigos y conocidos, visitando los lugares que goza y haciendo lo que le gusta.<br><\/p>\n\n\n\n<p>Cada uno de los conjuntos que la hemos visto lucir ha sido de diferente estilo, modelo y color, demostrando su versatilidad al momento de seleccionar prendas de vestir.<\/p>\n","protected":false},"excerpt":{"rendered":"<p>La mexicana acapara las miradas y muestra c\u00f3mo para lucir fresca y elegante en la transici\u00f3n de verano a oto\u00f1o 2025 Salma Hayek, actriz mexicana con inigualable talento, es un icono de la moda. Y es que temporada tras temporada, logra convertir su alrededor en una pasarela, donde todos sus looks brillan y dejan destellos [&hellip;]<\/p>\n","protected":false},"author":1,"featured_media":92283,"comment_status":"closed","ping_status":"closed","sticky":false,"template":"","format":"standard","meta":{"footnotes":""},"categories":[39],"tags":[],"class_list":["post-92280","post","type-post","status-publish","format-standard","has-post-thumbnail","hentry","category-espectaculos"],"_links":{"self":[{"href":"https:\/\/elinformante.mx\/index.php?rest_route=\/wp\/v2\/posts\/92280","targetHints":{"allow":["GET"]}}],"collection":[{"href":"https:\/\/elinformante.mx\/index.php?rest_route=\/wp\/v2\/posts"}],"about":[{"href":"https:\/\/elinformante.mx\/index.php?rest_route=\/wp\/v2\/types\/post"}],"author":[{"embeddable":true,"href":"https:\/\/elinformante.mx\/index.php?rest_route=\/wp\/v2\/users\/1"}],"replies":[{"embeddable":true,"href":"https:\/\/elinformante.mx\/index.php?rest_route=%2Fwp%2Fv2%2Fcomments&post=92280"}],"version-history":[{"count":0,"href":"https:\/\/elinformante.mx\/index.php?rest_route=\/wp\/v2\/posts\/92280\/revisions"}],"wp:featuredmedia":[{"embeddable":true,"href":"https:\/\/elinformante.mx\/index.php?rest_route=\/wp\/v2\/media\/92283"}],"wp:attachment":[{"href":"https:\/\/elinformante.mx\/index.php?rest_route=%2Fwp%2Fv2%2Fmedia&parent=92280"}],"wp:term":[{"taxonomy":"category","embeddable":true,"href":"https:\/\/elinformante.mx\/index.php?rest_route=%2Fwp%2Fv2%2Fcategories&post=92280"},{"taxonomy":"post_tag","embeddable":true,"href":"https:\/\/elinformante.mx\/index.php?rest_route=%2Fwp%2Fv2%2Ftags&post=92280"}],"curies":[{"name":"wp","href":"https:\/\/api.w.org\/{rel}","templated":true}]}}