{"id":92287,"date":"2025-09-08T06:31:08","date_gmt":"2025-09-08T12:31:08","guid":{"rendered":"https:\/\/elinformante.mx\/?p=92287"},"modified":"2025-09-08T06:32:59","modified_gmt":"2025-09-08T12:32:59","slug":"max-verstappen-logro-el-primer-lugar-en-el-gp-de-italia","status":"publish","type":"post","link":"https:\/\/elinformante.mx\/?p=92287","title":{"rendered":"Max Verstappen logr\u00f3 el primer lugar en el GP de Italia"},"content":{"rendered":"\n<figure class=\"wp-block-pullquote\"><blockquote><p>Fue la primera victoria de Verstappen desde mayo.<\/p><\/blockquote><\/figure>\n\n\n\n<p class=\"has-drop-cap\">Max Verstappen reclam\u00f3 una victoria dominante en el Gran Premio de Italia el domingo, por delante de los contendientes al t\u00edtulo y compa\u00f1eros de equipo de McLaren, Lando Norris y Oscar Piastri.<br><\/p>\n\n\n\n<p>Fue la primera victoria de Verstappen desde mayo, y solo la tercera de la temporada, en un espectacular fin de semana en Monza para el cuatro veces campe\u00f3n del mundo, quien tuvo la vuelta m\u00e1s r\u00e1pida en la historia de la F\u00f3rmula Uno el s\u00e1bado para reclamar la pole.<br><\/p>\n\n\n\n<p>\u201c\u00a1Eso fue incre\u00edble chicos! Bien hecho a todos\u201d, dijo Verstappen por radio del equipo. \u201cLo ejecutamos realmente bien. Qu\u00e9 fin de semana incre\u00edble. Podemos estar realmente orgullosos de eso\u201d.<br><\/p>\n\n\n\n<p>Norris fue segundo, casi 20 segundos detr\u00e1s de Verstappen, reduciendo la diferencia con Piastri en la carrera por el t\u00edtulo a 31 puntos. Hab\u00eda comenzado el d\u00eda a 34 unidades del piloto australiano, quien no estaba contento despu\u00e9s de que se le ordenara dejar pasar a su compa\u00f1ero de equipo hacia el final de la carrera.<br><\/p>\n\n\n\n<figure class=\"wp-block-image size-large\"><img fetchpriority=\"high\" decoding=\"async\" width=\"1024\" height=\"506\" src=\"https:\/\/elinformante.mx\/wp-content\/uploads\/2025\/09\/14max-1024x506.jpg\" alt=\"\" class=\"wp-image-92292\" srcset=\"https:\/\/elinformante.mx\/wp-content\/uploads\/2025\/09\/14max-1024x506.jpg 1024w, https:\/\/elinformante.mx\/wp-content\/uploads\/2025\/09\/14max-300x148.jpg 300w, https:\/\/elinformante.mx\/wp-content\/uploads\/2025\/09\/14max-768x379.jpg 768w, https:\/\/elinformante.mx\/wp-content\/uploads\/2025\/09\/14max.jpg 1140w\" sizes=\"(max-width: 1024px) 100vw, 1024px\" \/><\/figure>\n\n\n\n<p>El cambio se produjo despu\u00e9s de que Norris tuviera una parada en boxes lenta, lo que pareci\u00f3 poner sus posibilidades de t\u00edtulo en mayor peligro cuando sali\u00f3 detr\u00e1s de su compa\u00f1ero de equipo, pero McLaren orden\u00f3 a Piastri dejar pasar al piloto brit\u00e1nico, lo cual hizo a pesar de quejarse sobre la decisi\u00f3n por la radio del equipo.<br><\/p>\n\n\n\n<p>Charles Leclerc de Ferrari y Lewis Hamilton tuvieron actuaciones s\u00f3lidas en la carrera de casa del equipo. Animado por los apasionados tifosi vestidos de rojo, Leclerc termin\u00f3 cuarto mientras que Hamilton avanz\u00f3 a trav\u00e9s del campo al inicio para cruzar la l\u00ednea en sexto lugar, despu\u00e9s de comenzar desde el d\u00e9cimo puesto tras una penalizaci\u00f3n de cinco lugares en la parrilla.<br><\/p>\n\n\n\n<p>Norris estaba desesperado por recuperarse de un desastroso GP de los Pa\u00edses Bajos cuando se vio obligado a retirarse por un inusual problema con el motor. Comenzando desde el segundo lugar en Monza, se enfrent\u00f3 con Verstappen desde el inicio y fue forzado a salir al c\u00e9sped en la primera curva.<br><\/p>\n\n\n\n<p>\u201cSiempre s\u00e9 que va a ser una buena pelea con Max y lo fue\u201d, dijo Norris. \u201cUno de esos fines de semana donde somos un poco m\u00e1s lentos pero una buena pelea y lo disfrut\u00e9\u201d.<br><\/p>\n\n\n\n<p>A Verstappen se le dijo que devolviera el lugar y lo hizo debidamente, pero el piloto de Red Bull reclam\u00f3 el liderato al inicio de la vuelta cuatro, pasando a Norris en la curva uno. Desde all\u00ed, fue casi una procesi\u00f3n hacia la victoria para Verstappen. Se encontr\u00f3 brevemente detr\u00e1s de los McLaren despu\u00e9s de parar en boxes en la vuelta 38, pero retom\u00f3 el liderato cuando Piastri entr\u00f3 a pits en la vuelta 46, seguido por Norris una vuelta m\u00e1s tarde.<\/p>\n","protected":false},"excerpt":{"rendered":"<p>Fue la primera victoria de Verstappen desde mayo. Max Verstappen reclam\u00f3 una victoria dominante en el Gran Premio de Italia el domingo, por delante de los contendientes al t\u00edtulo y compa\u00f1eros de equipo de McLaren, Lando Norris y Oscar Piastri. Fue la primera victoria de Verstappen desde mayo, y solo la tercera de la temporada, [&hellip;]<\/p>\n","protected":false},"author":1,"featured_media":92288,"comment_status":"closed","ping_status":"closed","sticky":false,"template":"","format":"standard","meta":{"footnotes":""},"categories":[38],"tags":[],"class_list":["post-92287","post","type-post","status-publish","format-standard","has-post-thumbnail","hentry","category-deportes"],"_links":{"self":[{"href":"https:\/\/elinformante.mx\/index.php?rest_route=\/wp\/v2\/posts\/92287","targetHints":{"allow":["GET"]}}],"collection":[{"href":"https:\/\/elinformante.mx\/index.php?rest_route=\/wp\/v2\/posts"}],"about":[{"href":"https:\/\/elinformante.mx\/index.php?rest_route=\/wp\/v2\/types\/post"}],"author":[{"embeddable":true,"href":"https:\/\/elinformante.mx\/index.php?rest_route=\/wp\/v2\/users\/1"}],"replies":[{"embeddable":true,"href":"https:\/\/elinformante.mx\/index.php?rest_route=%2Fwp%2Fv2%2Fcomments&post=92287"}],"version-history":[{"count":0,"href":"https:\/\/elinformante.mx\/index.php?rest_route=\/wp\/v2\/posts\/92287\/revisions"}],"wp:featuredmedia":[{"embeddable":true,"href":"https:\/\/elinformante.mx\/index.php?rest_route=\/wp\/v2\/media\/92288"}],"wp:attachment":[{"href":"https:\/\/elinformante.mx\/index.php?rest_route=%2Fwp%2Fv2%2Fmedia&parent=92287"}],"wp:term":[{"taxonomy":"category","embeddable":true,"href":"https:\/\/elinformante.mx\/index.php?rest_route=%2Fwp%2Fv2%2Fcategories&post=92287"},{"taxonomy":"post_tag","embeddable":true,"href":"https:\/\/elinformante.mx\/index.php?rest_route=%2Fwp%2Fv2%2Ftags&post=92287"}],"curies":[{"name":"wp","href":"https:\/\/api.w.org\/{rel}","templated":true}]}}