{"id":92293,"date":"2025-09-08T06:36:01","date_gmt":"2025-09-08T12:36:01","guid":{"rendered":"https:\/\/elinformante.mx\/?p=92293"},"modified":"2025-09-08T06:36:04","modified_gmt":"2025-09-08T12:36:04","slug":"continuan-las-giras-de-trabajo-de-saray-benitez-en-mexicaltzingo","status":"publish","type":"post","link":"https:\/\/elinformante.mx\/?p=92293","title":{"rendered":"Contin\u00faan las giras de trabajo de Saray Ben\u00edtez en Mexicaltzingo"},"content":{"rendered":"\n<figure class=\"wp-block-pullquote\"><blockquote><p>Durante el evento reafirm\u00f3 que estas acciones contin\u00faan con el compromiso, el cuidado y el bienestar de los seres sintientes de Mexicaltzingo.<\/p><\/blockquote><\/figure>\n\n\n\n<p class=\"has-drop-cap\">La presidenta municipal de Mexicaltzingo, Saray Ben\u00edtez Espinosa, realiz\u00f3 durante el fin de semana una extensa gira de trabajo por el municipio.<br><\/p>\n\n\n\n<p>Comenz\u00f3 realizando una visita y un recorrido por la Planta de Leche para el Bienestar, donde pudo conocer de cerca el trabajo que se realiza en este lugar para poder garantizar la entrega de un producto de alta calidad y que este al alcance de las familias.<br><\/p>\n\n\n\n<p>Agradeci\u00f3 al Gerente Estatal, Dr. El\u00edas Monreal \u00c1vila, por su amabilidad y hospitalidad durante el recorrido, tambi\u00e9n agradeci\u00f3 el que compartiera su compromiso con este importante proyecto.<br><\/p>\n\n\n\n<p>Continu\u00f3 Ben\u00edtez Espinosa su gira al presidir el Croquetat\u00f3n, que se realiz\u00f3 en el municipio en coordinaci\u00f3n con la Direcci\u00f3n de Seguridad P\u00fablica de Mexicaltzingo.<br><\/p>\n\n\n\n<figure class=\"wp-block-image size-large\"><img fetchpriority=\"high\" decoding=\"async\" width=\"1024\" height=\"506\" src=\"https:\/\/elinformante.mx\/wp-content\/uploads\/2025\/09\/13mexi-2-2-1024x506.jpg\" alt=\"\" class=\"wp-image-92295\" srcset=\"https:\/\/elinformante.mx\/wp-content\/uploads\/2025\/09\/13mexi-2-2-1024x506.jpg 1024w, https:\/\/elinformante.mx\/wp-content\/uploads\/2025\/09\/13mexi-2-2-300x148.jpg 300w, https:\/\/elinformante.mx\/wp-content\/uploads\/2025\/09\/13mexi-2-2-768x379.jpg 768w, https:\/\/elinformante.mx\/wp-content\/uploads\/2025\/09\/13mexi-2-2.jpg 1140w\" sizes=\"(max-width: 1024px) 100vw, 1024px\" \/><\/figure>\n\n\n\n<p>Se\u00f1alaron que esta iniciativa fue pensada con la intensi\u00f3n de recolectar alimento para apoyar a los perritos y seres sintientes que forman parte de la comunidad.<br><\/p>\n\n\n\n<p>Durante el evento reafirm\u00f3 que estas acciones contin\u00faan con el compromiso, el cuidado y el bienestar de los seres sintientes de Mexicaltzingo.<br><\/p>\n\n\n\n<p>Concluy\u00f3 esta gira desde el DIF Municipal donde comparti\u00f3 un emotivo encuentro con pacientes que recibieron tratamiento y cirug\u00eda para las cataratas, mejorando su calidad de vida y devolviendo la esperanza de ver con claridad.<br><\/p>\n\n\n\n<p>Ben\u00edtez Espinosa se\u00f1al\u00f3 que estas acciones reflejan el compromiso de su gobierno por seguir trabajando por la salud y el bienestar de quienes m\u00e1s lo necesitan.<\/p>\n","protected":false},"excerpt":{"rendered":"<p>Durante el evento reafirm\u00f3 que estas acciones contin\u00faan con el compromiso, el cuidado y el bienestar de los seres sintientes de Mexicaltzingo. La presidenta municipal de Mexicaltzingo, Saray Ben\u00edtez Espinosa, realiz\u00f3 durante el fin de semana una extensa gira de trabajo por el municipio. Comenz\u00f3 realizando una visita y un recorrido por la Planta de [&hellip;]<\/p>\n","protected":false},"author":1,"featured_media":92294,"comment_status":"closed","ping_status":"closed","sticky":false,"template":"","format":"standard","meta":{"footnotes":""},"categories":[36],"tags":[],"class_list":["post-92293","post","type-post","status-publish","format-standard","has-post-thumbnail","hentry","category-edomex"],"_links":{"self":[{"href":"https:\/\/elinformante.mx\/index.php?rest_route=\/wp\/v2\/posts\/92293","targetHints":{"allow":["GET"]}}],"collection":[{"href":"https:\/\/elinformante.mx\/index.php?rest_route=\/wp\/v2\/posts"}],"about":[{"href":"https:\/\/elinformante.mx\/index.php?rest_route=\/wp\/v2\/types\/post"}],"author":[{"embeddable":true,"href":"https:\/\/elinformante.mx\/index.php?rest_route=\/wp\/v2\/users\/1"}],"replies":[{"embeddable":true,"href":"https:\/\/elinformante.mx\/index.php?rest_route=%2Fwp%2Fv2%2Fcomments&post=92293"}],"version-history":[{"count":0,"href":"https:\/\/elinformante.mx\/index.php?rest_route=\/wp\/v2\/posts\/92293\/revisions"}],"wp:featuredmedia":[{"embeddable":true,"href":"https:\/\/elinformante.mx\/index.php?rest_route=\/wp\/v2\/media\/92294"}],"wp:attachment":[{"href":"https:\/\/elinformante.mx\/index.php?rest_route=%2Fwp%2Fv2%2Fmedia&parent=92293"}],"wp:term":[{"taxonomy":"category","embeddable":true,"href":"https:\/\/elinformante.mx\/index.php?rest_route=%2Fwp%2Fv2%2Fcategories&post=92293"},{"taxonomy":"post_tag","embeddable":true,"href":"https:\/\/elinformante.mx\/index.php?rest_route=%2Fwp%2Fv2%2Ftags&post=92293"}],"curies":[{"name":"wp","href":"https:\/\/api.w.org\/{rel}","templated":true}]}}